{"id":228,"date":"2025-10-07T13:56:19","date_gmt":"2025-10-07T11:56:19","guid":{"rendered":"https:\/\/enseigner.unil.ch\/blog-dl\/?p=228"},"modified":"2025-11-05T09:25:32","modified_gmt":"2025-11-05T08:25:32","slug":"test-2","status":"publish","type":"post","link":"https:\/\/enseigner.unil.ch\/blog-dl\/test-2\/","title":{"rendered":"R\u00e9sum\u00e9 du rapport TALIS 2024"},"content":{"rendered":"\n<p>Malgr\u00e9 l&rsquo;absence de chiffres suisses dans le rapport TALIS 2024 ? Nous vous proposons un r\u00e9sum\u00e9 des tendances les plus importantes qui ressortent du rapport produit par l&rsquo;OCDE. Prot\u00e9ger le c\u0153ur du m\u00e9tier, muscler leadership et formation, mieux g\u00e9rer la diversit\u00e9, et encadrer l\u2019IA sans na\u00efvet\u00e9. Une boussole pragmatique pour directions, enseignant\u00b7e\u00b7s et d\u00e9cideur\u00b7euse\u00b7s, du primaire au postobligatoire.<\/p>\n\n\n\n<p><strong><em>Ce r\u00e9sum\u00e9 a \u00e9t\u00e9 produit \u00e0 l&rsquo;aide de Claude AI et a \u00e9t\u00e9 retravaill\u00e9 par l&rsquo;auteur<\/em><\/strong><\/p>\n\n\n\n<h2 class=\"wp-block-heading\">1) Introduction : objet et port\u00e9e du rapport<\/h2>\n\n\n\n<p>Le rapport TALIS 2024 (Teaching and Learning International Survey) dresse un panorama international des conditions d\u2019exercice du m\u00e9tier enseignant et du leadership p\u00e9dagogique. Il interroge les enseignant\u00b7e\u00b7s sur les d\u00e9\ufb01s et directions sur leurs pratiques, leur bien-\u00eatre, leur formation, leur charge de travail, leurs intentions de carri\u00e8re et, nouveaut\u00e9 marquante, leurs usages des technologies et de l\u2019intelligence artificielle. Le cadre analytique est celui des \u00ab Exigences \u2194 Ressources \u00bb : la charge, la complexit\u00e9 des classes, la pression d\u2019\u00e9valuation et la multiplication des r\u00e9formes sont mises en regard de l\u2019autonomie didactique, du soutien des pairs, de la qualit\u00e9 du leadership et de l\u2019acc\u00e8s \u00e0 une formation continue utile.<\/p>\n\n\n\n<p>La Suisse n\u2019a pas particip\u00e9 \u00e0 cette \u00e9dition, ce qui signifie qu\u2019il n\u2019existe pas de r\u00e9sultats chiffr\u00e9s publi\u00e9s pour ses \u00e9tablissements. L\u2019int\u00e9r\u00eat du rapport, pour notre contexte, tient donc \u00e0 la valeur de miroir qu\u2019offrent les tendances robustes observ\u00e9es ailleurs : elles aident \u00e0 hi\u00e9rarchiser les priorit\u00e9s, tester la coh\u00e9rence des politiques et rep\u00e9rer des leviers d\u2019action qui s\u2019adaptent bien \u00e0 un syst\u00e8me d\u00e9centralis\u00e9 et multilingue comme le n\u00f4tre.<\/p>\n\n\n\n<h2 class=\"wp-block-heading\">2) R\u00e9sultats transposables au syst\u00e8me \u00e9ducatif suisse<\/h2>\n\n\n\n<p><strong>Satisfaction et variabilit\u00e9 intra-syst\u00e8me.<\/strong> TALIS montre que la satisfaction professionnelle est globalement \u00e9lev\u00e9e, mais qu\u2019elle varie fortement entre \u00e9tablissements d\u2019un m\u00eame pays. Ce constat parle \u00e0 la Suisse : dans un f\u00e9d\u00e9ralisme \u00e9ducatif o\u00f9 les cantons et m\u00eame les \u00e9coles disposent de marges d\u2019organisation, il faut regarder de pr\u00e8s les \u00e9carts locaux. Un pilotage \u00ab au plus pr\u00e8s \u00bb \u2013 diagnostics d\u2019\u00e9tablissement, plans d\u2019am\u00e9lioration co-construits, partage de pratiques \u2013 est plus f\u00e9cond que des prescriptions uniformes.<\/p>\n\n\n\n<p><strong>Charge de travail et c\u0153ur du m\u00e9tier.<\/strong> La charge administrative, la gestion d\u2019incivilit\u00e9s et la succession rapide d\u2019innovations ou de r\u00e9formes figurent parmi les contraintes les plus pesantes. Transpos\u00e9 en Suisse, cela invite \u00e0 prot\u00e9ger le temps d\u2019enseignement, de pr\u00e9paration et de feedback, \u00e0 simplifier les proc\u00e9dures, et \u00e0 mieux s\u00e9quencer les changements curriculaires ou \u00e9valuatifs pour \u00e9viter la \u00ab fatigue du changement \u00bb.<\/p>\n\n\n\n<p><strong>Diversit\u00e9 des \u00e9l\u00e8ves et diff\u00e9renciation.<\/strong> L\u2019h\u00e9t\u00e9rog\u00e9n\u00e9it\u00e9 linguistique, sociale et des besoins \u00e9ducatifs particuliers accentue les exigences, mais ses effets sont modul\u00e9s par la capacit\u00e9 \u00e0 diff\u00e9rencier et par la collaboration au sein des \u00e9quipes. Pour la Suisse, c\u2019est un plaidoyer pour des dispositifs robustes d\u2019induction et de mentorat, l\u2019essor de l\u2019enseignement sp\u00e9cialis\u00e9 en co-intervention, et la consolidation de communaut\u00e9s d\u2019apprentissage professionnelles qui travaillent sur des probl\u00e8mes concrets de classe.<\/p>\n\n\n\n<p><strong>Ressources humaines et d\u00e9veloppement professionnel.<\/strong> TALIS relie de fa\u00e7on constante la qualit\u00e9 per\u00e7ue de l\u2019enseignement et la satisfaction au sentiment d\u2019efficacit\u00e9 personnelle, nourri par la formation continue \u00ab utile \u00bb, l\u2019observation crois\u00e9e, le co-enseignement et un leadership p\u00e9dagogique pr\u00e9sent. Dans notre syst\u00e8me, cela renforce l\u2019id\u00e9e de modules courts, contextualis\u00e9s, adoss\u00e9s aux disciplines, avec accompagnement en situation et temps d\u00e9di\u00e9.<\/p>\n\n\n\n<p><strong>Leadership et autonomie.<\/strong> Les \u00e9coles o\u00f9 la direction exerce un leadership p\u00e9dagogique soutenant, donne de la clart\u00e9 de cap et mobilise les \u00e9quipes autour de priorit\u00e9s partag\u00e9es, obtiennent de meilleurs r\u00e9sultats per\u00e7us et un meilleur climat. En Suisse, o\u00f9 l\u2019autonomie est r\u00e9elle, il s\u2019agit de l\u2019outiller : cadres de r\u00e9f\u00e9rence simples, espaces-temps de concertation, et pilotage par indicateurs compr\u00e9hensibles par la profession.<\/p>\n\n\n\n<h2 class=\"wp-block-heading\">3) Focus \u00ab IA \u00bb : enseignements pertinents pour la Suisse<\/h2>\n\n\n\n<p><strong>Usages et besoins.<\/strong> TALIS documente des usages d\u2019IA tr\u00e8s divers : pr\u00e9paration de s\u00e9quences, diff\u00e9renciation de supports, r\u00e9troactions rapides aux \u00e9l\u00e8ves, synth\u00e8se d\u2019information, aide \u00e0 la communication avec les familles, voire premi\u00e8res explorations d\u2019analyses d\u2019apprentissage. Les niveaux d\u2019adoption varient selon les pays et les degr\u00e9s scolaires, mais une constante se d\u00e9gage : beaucoup d\u2019enseignants d\u00e9clarent un besoin de mont\u00e9e en comp\u00e9tences pour int\u00e9grer l\u2019IA de mani\u00e8re responsable et efficace. Pour la Suisse, la priorit\u00e9 est double : construire une offre de formation pratique, ancr\u00e9e dans les disciplines, et clarifier le cadre d\u2019usage au niveau des \u00e9tablissements et des cantons.<\/p>\n\n\n\n<p><strong>Diff\u00e9rences par degr\u00e9.<\/strong> Dans plusieurs syst\u00e8mes, l\u2019IA est un peu moins utilis\u00e9e au primaire, mais avec des b\u00e9n\u00e9fices cibl\u00e9s lorsqu\u2019elle l\u2019est : adaptation de la difficult\u00e9, supports multimodaux, communication simplifi\u00e9e, appui aux besoins \u00e9ducatifs particuliers. Au secondaire, l\u2019usage s\u2019\u00e9tend davantage \u00e0 la recherche, \u00e0 l\u2019\u00e9criture, aux sciences et au code, avec une sensibilit\u00e9 accrue aux enjeux d\u2019int\u00e9grit\u00e9 acad\u00e9mique. Traduction suisse : au primaire, viser des outils simples, supervis\u00e9s et transparents ; au secondaire, renforcer la litt\u00e9ratie informationnelle et la conception de t\u00e2ches \u00e9valuatives plus authentiques (oraux, projets, journaux de production, situations de r\u00e9solution).<\/p>\n\n\n\n<p><strong>Int\u00e9grit\u00e9, biais et protection des donn\u00e9es.<\/strong> Les craintes les plus fr\u00e9quentes portent sur la facilitation de la triche, les biais des mod\u00e8les et la confidentialit\u00e9. Une politique r\u00e9aliste pour la Suisse devrait articuler : des consignes d\u2019\u00e9tablissement claires (ce qui est autoris\u00e9, ce qui doit \u00eatre cit\u00e9, ce qui est proscrit), des pratiques d\u2019\u00e9valuation qui r\u00e9duisent l\u2019int\u00e9r\u00eat de la simple copie, une sensibilisation des \u00e9l\u00e8ves aux limites et aux biais, et une s\u00e9lection d\u2019outils compatible avec les exigences de protection des donn\u00e9es. L\u2019id\u00e9e n\u2019est pas de s\u2019en remettre \u00e0 des \u00ab d\u00e9tecteurs \u00bb peu fiables, mais d\u2019\u00e9duquer \u00e0 l\u2019usage et de repenser certaines t\u00e2ches.<\/p>\n\n\n\n<p><strong>Conditions de r\u00e9ussite.<\/strong> Les syst\u00e8mes qui progressent combinent quatre ingr\u00e9dients : une vision partag\u00e9e (feuille de route et principes \u00e9thiques), des infrastructures interop\u00e9rables (plateformes qui journalisent et permettent un pilotage responsable), une formation continue modulaire et \u00ab juste-\u00e0-temps \u00bb, et un leadership p\u00e9dagogique capable d\u2019accompagner les \u00e9quipes, d\u2019\u00e9valuer les effets et de diffuser ce qui marche. Ces \u00e9l\u00e9ments sont compatibles avec la culture suisse d\u2019am\u00e9lioration par l\u2019\u00e9tablissement et la mutualisation inter-cantonale.<\/p>\n\n\n\n<h2 class=\"wp-block-heading\">4) Conclusion : priorit\u00e9s d\u2019action pour la Suisse<\/h2>\n\n\n\n<p>M\u00eame sans donn\u00e9es nationales TALIS 2024, les enseignements sont clairs et actionnables.<\/p>\n\n\n\n<ol class=\"wp-block-list\">\n<li><strong>Prot\u00e9ger le c\u0153ur du m\u00e9tier.<\/strong> R\u00e9duire la charge administrative, stabiliser le rythme des r\u00e9formes, et sanctuariser le temps de pr\u00e9paration, de collaboration et de feedback.<\/li>\n\n\n\n<li><strong>Investir dans la comp\u00e9tence professionnelle.<\/strong> D\u00e9ployer des parcours de formation continue adoss\u00e9s aux disciplines, centr\u00e9s sur la gestion de classe, la diff\u00e9renciation et l\u2019usage \u00e9clair\u00e9 du num\u00e9rique et de l\u2019IA, avec mentorat et accompagnement en classe.<\/li>\n\n\n\n<li><strong>Piloter au niveau de l\u2019\u00e9tablissement.<\/strong> Partir de diagnostics locaux (climat, besoins, ressources), fixer quelques priorit\u00e9s partag\u00e9es, mesurer les effets, ajuster. Les principaux \u00e9carts se jouent \u00e0 l\u2019int\u00e9rieur des syst\u00e8mes : c\u2019est l\u00e0 qu\u2019il faut mettre l\u2019\u00e9nergie.<\/li>\n\n\n\n<li><strong>Encadrer l\u2019IA de fa\u00e7on pragmatique.<\/strong> D\u00e9finir un cadre simple et coh\u00e9rent (droits, donn\u00e9es, transparence), clarifier les usages attendus et les r\u00e8gles d\u2019int\u00e9grit\u00e9, soutenir des outils utiles \u00e0 la diff\u00e9renciation et aux r\u00e9troactions, et former \u00e9l\u00e8ves et enseignants \u00e0 penser les biais et les limites.<\/li>\n\n\n\n<li><strong>Renforcer le leadership p\u00e9dagogique et la collaboration.<\/strong> Donner aux directions le temps et les moyens d\u2019animer le travail collectif ; institutionnaliser l\u2019observation crois\u00e9e et les communaut\u00e9s d\u2019apprentissage professionnelles ; reconna\u00eetre et diffuser les pratiques efficaces.<\/li>\n<\/ol>\n\n\n\n<p>En somme, TALIS 2024 confirme un principe de base qui r\u00e9sonne avec la tradition suisse : \u00e9quilibrer exigences et ressources, au plus pr\u00e8s des classes. C\u2019est en prot\u00e9geant le temps et l\u2019expertise des \u00e9quipes, en outillant les directions et en encadrant intelligemment l\u2019IA que l\u2019on consolide \u00e0 la fois le bien-\u00eatre des enseignants, l\u2019\u00e9quit\u00e9 entre \u00e9tablissements et la r\u00e9ussite des \u00e9l\u00e8ves.<\/p>\n\n\n\n<p>Le rapport complet est disponible sur le site de l&rsquo;OCDE : <a href=\"https:\/\/www.oecd.org\/en\/publications\/results-from-talis-2024_90df6235-en.html\">https:\/\/www.oecd.org\/en\/publications\/results-from-talis-2024_90df6235-en.html<\/a><\/p>\n\n\n\n<p><\/p>\n","protected":false},"excerpt":{"rendered":"<p>Malgr\u00e9 l&rsquo;absence de chiffres suisses dans le rapport TALIS 2024 ? Nous vous proposons un r\u00e9sum\u00e9 des tendances les plus importantes qui ressortent du rapport produit par l&rsquo;OCDE. Prot\u00e9ger le c\u0153ur du m\u00e9tier, muscler leadership et formation, mieux g\u00e9rer la diversit\u00e9, et encadrer l\u2019IA sans na\u00efvet\u00e9. Une boussole pragmatique pour directions, enseignant\u00b7e\u00b7s et d\u00e9cideur\u00b7euse\u00b7s, du [&hellip;]<\/p>\n","protected":false},"author":2,"featured_media":306,"comment_status":"closed","ping_status":"open","sticky":false,"template":"","format":"standard","meta":{"_uag_custom_page_level_css":"","advgb_blocks_editor_width":"","advgb_blocks_columns_visual_guide":"","footnotes":""},"categories":[3],"tags":[],"class_list":["post-228","post","type-post","status-publish","format-standard","has-post-thumbnail","hentry","category-cles-de-lecture"],"author_meta":{"display_name":"Jean-Fran\u00e7ois Van de Po\u00ebl","author_link":"https:\/\/enseigner.unil.ch\/blog-dl\/author\/jean-francois-vandepoelunil-ch\/"},"featured_img":"https:\/\/enseigner.unil.ch\/blog-dl\/wp-content\/uploads\/2025\/10\/talis-2024-300x241.webp","uagb_featured_image_src":{"full":["https:\/\/enseigner.unil.ch\/blog-dl\/wp-content\/uploads\/2025\/10\/talis-2024.webp",1454,1168,false],"thumbnail":["https:\/\/enseigner.unil.ch\/blog-dl\/wp-content\/uploads\/2025\/10\/talis-2024-150x150.webp",150,150,true],"medium":["https:\/\/enseigner.unil.ch\/blog-dl\/wp-content\/uploads\/2025\/10\/talis-2024-300x241.webp",300,241,true],"medium_large":["https:\/\/enseigner.unil.ch\/blog-dl\/wp-content\/uploads\/2025\/10\/talis-2024-768x617.webp",768,617,true],"large":["https:\/\/enseigner.unil.ch\/blog-dl\/wp-content\/uploads\/2025\/10\/talis-2024-1024x823.webp",1024,823,true],"1536x1536":["https:\/\/enseigner.unil.ch\/blog-dl\/wp-content\/uploads\/2025\/10\/talis-2024.webp",1454,1168,false],"2048x2048":["https:\/\/enseigner.unil.ch\/blog-dl\/wp-content\/uploads\/2025\/10\/talis-2024.webp",1454,1168,false]},"uagb_author_info":{"display_name":"Jean-Fran\u00e7ois Van de Po\u00ebl","author_link":"https:\/\/enseigner.unil.ch\/blog-dl\/author\/jean-francois-vandepoelunil-ch\/"},"uagb_comment_info":0,"uagb_excerpt":"Malgr\u00e9 l&rsquo;absence de chiffres suisses dans le rapport TALIS 2024 ? Nous vous proposons un r\u00e9sum\u00e9 des tendances les plus importantes qui ressortent du rapport produit par l&rsquo;OCDE. Prot\u00e9ger le c\u0153ur du m\u00e9tier, muscler leadership et formation, mieux g\u00e9rer la diversit\u00e9, et encadrer l\u2019IA sans na\u00efvet\u00e9. Une boussole pragmatique pour directions, enseignant\u00b7e\u00b7s et d\u00e9cideur\u00b7euse\u00b7s, du\u2026","coauthors":[],"tax_additional":{"categories":{"linked":["<a href=\"https:\/\/enseigner.unil.ch\/blog-dl\/category\/cles-de-lecture\/\" class=\"advgb-post-tax-term\">Cl\u00e9s de lecture<\/a>"],"unlinked":["<span class=\"advgb-post-tax-term\">Cl\u00e9s de lecture<\/span>"]}},"comment_count":"0","relative_dates":{"created":"Publi\u00e9 7 mois il y a","modified":"Mis \u00e0 jour 6 mois il y a"},"absolute_dates":{"created":"Publi\u00e9 le 7 octobre 2025","modified":"Mise \u00e0 jour le 5 novembre 2025"},"absolute_dates_time":{"created":"Publi\u00e9 le 7 octobre 2025 13h56","modified":"Mise \u00e0 jour le 5 novembre 2025 9h25"},"featured_img_caption":"","series_order":"","_links":{"self":[{"href":"https:\/\/enseigner.unil.ch\/blog-dl\/wp-json\/wp\/v2\/posts\/228","targetHints":{"allow":["GET"]}}],"collection":[{"href":"https:\/\/enseigner.unil.ch\/blog-dl\/wp-json\/wp\/v2\/posts"}],"about":[{"href":"https:\/\/enseigner.unil.ch\/blog-dl\/wp-json\/wp\/v2\/types\/post"}],"author":[{"embeddable":true,"href":"https:\/\/enseigner.unil.ch\/blog-dl\/wp-json\/wp\/v2\/users\/2"}],"replies":[{"embeddable":true,"href":"https:\/\/enseigner.unil.ch\/blog-dl\/wp-json\/wp\/v2\/comments?post=228"}],"version-history":[{"count":3,"href":"https:\/\/enseigner.unil.ch\/blog-dl\/wp-json\/wp\/v2\/posts\/228\/revisions"}],"predecessor-version":[{"id":307,"href":"https:\/\/enseigner.unil.ch\/blog-dl\/wp-json\/wp\/v2\/posts\/228\/revisions\/307"}],"wp:featuredmedia":[{"embeddable":true,"href":"https:\/\/enseigner.unil.ch\/blog-dl\/wp-json\/wp\/v2\/media\/306"}],"wp:attachment":[{"href":"https:\/\/enseigner.unil.ch\/blog-dl\/wp-json\/wp\/v2\/media?parent=228"}],"wp:term":[{"taxonomy":"category","embeddable":true,"href":"https:\/\/enseigner.unil.ch\/blog-dl\/wp-json\/wp\/v2\/categories?post=228"},{"taxonomy":"post_tag","embeddable":true,"href":"https:\/\/enseigner.unil.ch\/blog-dl\/wp-json\/wp\/v2\/tags?post=228"}],"curies":[{"name":"wp","href":"https:\/\/api.w.org\/{rel}","templated":true}]}}