{"id":432,"date":"2025-11-05T09:40:13","date_gmt":"2025-11-05T08:40:13","guid":{"rendered":"https:\/\/enseigner.unil.ch\/blog-dl\/?p=432"},"modified":"2025-11-05T09:40:13","modified_gmt":"2025-11-05T08:40:13","slug":"educause-2026-les-dix-priorites-technologiques-pour-lenseignement-superieur","status":"publish","type":"post","link":"https:\/\/enseigner.unil.ch\/blog-dl\/educause-2026-les-dix-priorites-technologiques-pour-lenseignement-superieur\/","title":{"rendered":"EDUCAUSE 2026 : Les dix priorit\u00e9s technologiques pour l&rsquo;enseignement sup\u00e9rieur"},"content":{"rendered":"\n<p><strong>Le rapport EDUCAUSE Top 10 2026 identifie les enjeux technologiques majeurs pour les institutions acad\u00e9miques. Centr\u00e9 sur la th\u00e9matique des connexions, ce document met en lumi\u00e8re deux axes strat\u00e9giques compl\u00e9mentaires : cultiver une volont\u00e9 collective institutionnelle et d\u00e9velopper les capacit\u00e9s individuelles des acteurs\u00b7trices du monde acad\u00e9mique.<\/strong><\/p>\n\n\n\n<p>Dans un contexte marqu\u00e9 par des tensions politiques sur les campus, des incertitudes budg\u00e9taires et des transformations technologiques rapides, l&rsquo;organisation EDUCAUSE publie son rapport annuel des dix priorit\u00e9s technologiques pour 2026. Ce document, \u00e9labor\u00e9 en collaboration avec des responsables d&rsquo;institutions acad\u00e9miques internationales, propose une vision int\u00e9gr\u00e9e des d\u00e9fis que les universit\u00e9s devront relever dans l&rsquo;ann\u00e9e \u00e0 venir.<\/p>\n\n\n\n<h3 class=\"wp-block-heading\">Une approche duale : collectif et individuel<\/h3>\n\n\n\n<p>Le fil conducteur du rapport 2026 se distingue par son emphase sur les connexions humaines. Mark McCormack, directeur principal de la recherche chez EDUCAUSE, \u00e9tablit une analogie avec le jazz pour illustrer cette dualit\u00e9 n\u00e9cessaire : d&rsquo;une part, la \u00ab grandeur du social \u00bb qui unit l&rsquo;institution autour de valeurs et d&rsquo;engagements partag\u00e9s ; d&rsquo;autre part, la \u00ab cr\u00e9ativit\u00e9 de la personne \u00bb qui permet aux enseignant\u00b7e\u00b7s, \u00e9tudiant\u00b7e\u00b7s et personnels administratifs de s&rsquo;\u00e9panouir dans leurs espaces respectifs.<\/p>\n\n\n\n<p>Cette perspective reconna\u00eet qu&rsquo;aucune solution technique isol\u00e9e \u2013 pas m\u00eame l&rsquo;intelligence artificielle \u2013 ne suffira \u00e0 conduire les institutions vers leurs objectifs. Ce sont plut\u00f4t les personnes qui composent ces institutions, reli\u00e9es les unes aux autres par des valeurs communes et des capacit\u00e9s individuelles renforc\u00e9es, qui d\u00e9tiennent la cl\u00e9 du succ\u00e8s.<\/p>\n\n\n\n<figure class=\"wp-block-image size-large\"><img loading=\"lazy\" decoding=\"async\" width=\"1017\" height=\"1024\" src=\"https:\/\/enseigner.unil.ch\/blog-dl\/wp-content\/uploads\/2025\/11\/EDUCAUSE-2026-_-Les-dix-priorites-technologiques-pour-lenseignement-superieur-visual-selection1-1017x1024.png\" alt=\"\" class=\"wp-image-434\" srcset=\"https:\/\/enseigner.unil.ch\/blog-dl\/wp-content\/uploads\/2025\/11\/EDUCAUSE-2026-_-Les-dix-priorites-technologiques-pour-lenseignement-superieur-visual-selection1-1017x1024.png 1017w, https:\/\/enseigner.unil.ch\/blog-dl\/wp-content\/uploads\/2025\/11\/EDUCAUSE-2026-_-Les-dix-priorites-technologiques-pour-lenseignement-superieur-visual-selection1-298x300.png 298w, https:\/\/enseigner.unil.ch\/blog-dl\/wp-content\/uploads\/2025\/11\/EDUCAUSE-2026-_-Les-dix-priorites-technologiques-pour-lenseignement-superieur-visual-selection1-150x150.png 150w, https:\/\/enseigner.unil.ch\/blog-dl\/wp-content\/uploads\/2025\/11\/EDUCAUSE-2026-_-Les-dix-priorites-technologiques-pour-lenseignement-superieur-visual-selection1-768x773.png 768w, https:\/\/enseigner.unil.ch\/blog-dl\/wp-content\/uploads\/2025\/11\/EDUCAUSE-2026-_-Les-dix-priorites-technologiques-pour-lenseignement-superieur-visual-selection1-1525x1536.png 1525w, https:\/\/enseigner.unil.ch\/blog-dl\/wp-content\/uploads\/2025\/11\/EDUCAUSE-2026-_-Les-dix-priorites-technologiques-pour-lenseignement-superieur-visual-selection1.png 1728w\" sizes=\"auto, (max-width: 1017px) 100vw, 1017px\" \/><\/figure>\n\n\n\n<h3 class=\"wp-block-heading\">Les cinq priorit\u00e9s de la volont\u00e9 collective<\/h3>\n\n\n\n<p>Cinq des dix enjeux identifi\u00e9s concernent le d\u00e9veloppement d&rsquo;une volont\u00e9 collective institutionnelle, visant \u00e0 \u00e9tablir des standards, valeurs et objectifs partag\u00e9s.<\/p>\n\n\n\n<figure class=\"wp-block-image size-large\"><img loading=\"lazy\" decoding=\"async\" width=\"644\" height=\"1024\" src=\"https:\/\/enseigner.unil.ch\/blog-dl\/wp-content\/uploads\/2025\/11\/EDUCAUSE-2026-_-Les-dix-priorites-technologiques-pour-lenseignement-superieur-visual-selection-644x1024.png\" alt=\"\" class=\"wp-image-435\" srcset=\"https:\/\/enseigner.unil.ch\/blog-dl\/wp-content\/uploads\/2025\/11\/EDUCAUSE-2026-_-Les-dix-priorites-technologiques-pour-lenseignement-superieur-visual-selection-644x1024.png 644w, https:\/\/enseigner.unil.ch\/blog-dl\/wp-content\/uploads\/2025\/11\/EDUCAUSE-2026-_-Les-dix-priorites-technologiques-pour-lenseignement-superieur-visual-selection-189x300.png 189w, https:\/\/enseigner.unil.ch\/blog-dl\/wp-content\/uploads\/2025\/11\/EDUCAUSE-2026-_-Les-dix-priorites-technologiques-pour-lenseignement-superieur-visual-selection-768x1221.png 768w, https:\/\/enseigner.unil.ch\/blog-dl\/wp-content\/uploads\/2025\/11\/EDUCAUSE-2026-_-Les-dix-priorites-technologiques-pour-lenseignement-superieur-visual-selection-966x1536.png 966w, https:\/\/enseigner.unil.ch\/blog-dl\/wp-content\/uploads\/2025\/11\/EDUCAUSE-2026-_-Les-dix-priorites-technologiques-pour-lenseignement-superieur-visual-selection-1288x2048.png 1288w, https:\/\/enseigner.unil.ch\/blog-dl\/wp-content\/uploads\/2025\/11\/EDUCAUSE-2026-_-Les-dix-priorites-technologiques-pour-lenseignement-superieur-visual-selection-scaled.png 1611w\" sizes=\"auto, (max-width: 644px) 100vw, 644px\" \/><\/figure>\n\n\n\n<p><strong>Analytique des donn\u00e9es pour les d\u00e9cisions op\u00e9rationnelles et financi\u00e8res<\/strong> (priorit\u00e9 #3) r\u00e9pond aux pressions financi\u00e8res croissantes. Face aux r\u00e9ductions de financements f\u00e9d\u00e9raux et aux incertitudes li\u00e9es aux inscriptions, les institutions doivent exploiter leurs infrastructures de donn\u00e9es pour identifier les domaines d&rsquo;investissement prioritaires et les opportunit\u00e9s d&rsquo;efficience. Cette d\u00e9marche n\u00e9cessite des investissements significatifs dans le nettoyage des donn\u00e9es, les syst\u00e8mes d&rsquo;analyse et, surtout, dans le d\u00e9veloppement des comp\u00e9tences du personnel.<\/p>\n\n\n\n<p><strong>La construction d&rsquo;une culture data-centrique<\/strong> (priorit\u00e9 #4) prolonge cette r\u00e9flexion en insistant sur l&rsquo;importance d&rsquo;un acc\u00e8s coordonn\u00e9 et partag\u00e9 aux donn\u00e9es institutionnelles. Comme le souligne le rapport, \u00ab il y a de l&rsquo;or dans nos mines institutionnelles, mais nous creusons tous des tunnels s\u00e9par\u00e9s avec des outils diff\u00e9rents \u00bb. Cette fragmentation emp\u00eache une planification coh\u00e9rente et augmente les risques en mati\u00e8re de s\u00e9curit\u00e9 et de confidentialit\u00e9. Une gouvernance des donn\u00e9es mature devient essentielle pour garantir qualit\u00e9 et s\u00e9curit\u00e9 tout en offrant une vision institutionnelle compl\u00e8te.<\/p>\n\n\n\n<p><strong>La gestion des connaissances pour une IA plus s\u00fbre<\/strong> (priorit\u00e9 #5) reconna\u00eet que les solutions d&rsquo;intelligence artificielle institutionnelles ne sont efficaces que si elles \u00ab connaissent \u00bb l&rsquo;institution \u2013 son contexte historique, ses processus, ses politiques. Les processus de gestion des connaissances permettent d&rsquo;organiser et de documenter l&rsquo;identit\u00e9 collective de l&rsquo;institution tout en \u00e9tablissant des limites appropri\u00e9es concernant les informations que l&rsquo;IA peut ou ne peut pas acc\u00e9der.<\/p>\n\n\n\n<p><strong>Des approches mesur\u00e9es pour les nouvelles technologies<\/strong> (priorit\u00e9 #6) appelle \u00e0 une plus grande rigueur dans les d\u00e9cisions d&rsquo;investissement technologique. Face \u00e0 un march\u00e9 en constante expansion et \u00e0 des budgets contraints, les institutions ne peuvent plus se permettre des achats impulsifs. L&rsquo;\u00e9valuation syst\u00e9matique des co\u00fbts, du retour sur investissement et de l&rsquo;impact sur les syst\u00e8mes existants devient imp\u00e9rative. Une approche \u00ab attentiste \u00bb peut parfois s&rsquo;av\u00e9rer plus judicieuse, privil\u00e9giant des versions matures de solutions plut\u00f4t que des adoptions pr\u00e9cipit\u00e9es.<\/p>\n\n\n\n<p><strong>Du r\u00e9actif au proactif<\/strong> (priorit\u00e9 #8) encourage l&rsquo;utilisation de donn\u00e9es pour la mod\u00e9lisation de sc\u00e9narios et les pr\u00e9visions. Cette capacit\u00e9 \u00e0 anticiper plut\u00f4t qu&rsquo;\u00e0 simplement d\u00e9crire permet aux institutions de d\u00e9velopper une plus grande agilit\u00e9 strat\u00e9gique. Toutefois, le rapport met en garde contre une d\u00e9pendance excessive aux mod\u00e8les pr\u00e9dictifs, particuli\u00e8rement concernant les parcours \u00e9tudiants, o\u00f9 les dimensions humaines et sociales risquent d&rsquo;\u00eatre n\u00e9glig\u00e9es.<\/p>\n\n\n\n<h3 class=\"wp-block-heading\">Les cinq priorit\u00e9s des capacit\u00e9s individuelles<\/h3>\n\n\n\n<p>Le second volet du rapport se concentre sur le d\u00e9veloppement des comp\u00e9tences et capacit\u00e9s individuelles n\u00e9cessaires pour donner vie aux technologies et donn\u00e9es institutionnelles.<\/p>\n\n\n\n<figure class=\"wp-block-image size-large\"><img loading=\"lazy\" decoding=\"async\" width=\"1024\" height=\"967\" src=\"https:\/\/enseigner.unil.ch\/blog-dl\/wp-content\/uploads\/2025\/11\/EDUCAUSE-2026-_-Les-dix-priorites-technologiques-pour-lenseignement-superieur-visual-selection2-1024x967.png\" alt=\"\" class=\"wp-image-436\" srcset=\"https:\/\/enseigner.unil.ch\/blog-dl\/wp-content\/uploads\/2025\/11\/EDUCAUSE-2026-_-Les-dix-priorites-technologiques-pour-lenseignement-superieur-visual-selection2-1024x967.png 1024w, https:\/\/enseigner.unil.ch\/blog-dl\/wp-content\/uploads\/2025\/11\/EDUCAUSE-2026-_-Les-dix-priorites-technologiques-pour-lenseignement-superieur-visual-selection2-300x283.png 300w, https:\/\/enseigner.unil.ch\/blog-dl\/wp-content\/uploads\/2025\/11\/EDUCAUSE-2026-_-Les-dix-priorites-technologiques-pour-lenseignement-superieur-visual-selection2-768x725.png 768w, https:\/\/enseigner.unil.ch\/blog-dl\/wp-content\/uploads\/2025\/11\/EDUCAUSE-2026-_-Les-dix-priorites-technologiques-pour-lenseignement-superieur-visual-selection2-1536x1451.png 1536w, https:\/\/enseigner.unil.ch\/blog-dl\/wp-content\/uploads\/2025\/11\/EDUCAUSE-2026-_-Les-dix-priorites-technologiques-pour-lenseignement-superieur-visual-selection2-2048x1934.png 2048w\" sizes=\"auto, (max-width: 1024px) 100vw, 1024px\" \/><\/figure>\n\n\n\n<p><strong>La cybers\u00e9curit\u00e9 collaborative<\/strong> (priorit\u00e9 #1) repr\u00e9sente un changement de paradigme majeur. Plut\u00f4t que de consid\u00e9rer la s\u00e9curit\u00e9 comme une pr\u00e9rogative exclusivement technique, cette approche reconna\u00eet que nos \u00e9cosyst\u00e8mes num\u00e9riques sont d\u00e9sormais distribu\u00e9s entre r\u00e9seaux publics et personnels, sur et hors campus. La s\u00e9curit\u00e9 devient donc une responsabilit\u00e9 partag\u00e9e, n\u00e9cessitant des mesures int\u00e9gr\u00e9es au travail quotidien des utilisateurs\u00b7trices plut\u00f4t que simplement superpos\u00e9es \u00e0 celui-ci.<\/p>\n\n\n\n<p><strong>La dimension humaine de l&rsquo;IA<\/strong> (priorit\u00e9 #2) met l&rsquo;accent sur l&rsquo;autonomisation des \u00e9tudiant\u00b7e\u00b7s, enseignant\u00b7e\u00b7s et personnels dans leur engagement avec les outils d&rsquo;intelligence artificielle. L&rsquo;\u00e9tude EDUCAUSE AI Landscape 2025 identifie l&rsquo;enseignement et l&rsquo;apprentissage comme le domaine fonctionnel le plus ax\u00e9 sur l&rsquo;adoption de l&rsquo;IA, avec la formation du personnel enseignant comme \u00e9l\u00e9ment strat\u00e9gique principal. Cette priorit\u00e9 reconna\u00eet que les enseignant\u00b7e\u00b7s se trouvent en premi\u00e8re ligne de l&rsquo;adoption de l&rsquo;IA, naviguant entre leurs propres usages et le soutien aux \u00e9tudiant\u00b7e\u00b7s, tout en cr\u00e9ant des espaces s\u00fbrs pour l&rsquo;exp\u00e9rimentation.<\/p>\n\n\n\n<p><strong>La litt\u00e9ratie technologique pour le march\u00e9 du travail<\/strong> (priorit\u00e9 #7) r\u00e9pond \u00e0 une r\u00e9alit\u00e9 incontournable : 92% des emplois aux \u00c9tats-Unis requi\u00e8rent d\u00e9sormais des comp\u00e9tences en litt\u00e9ratie num\u00e9rique. Plus significatif encore, 66% des dirigeant\u00b7e\u00b7s d\u00e9clarent qu&rsquo;ils\u00b7elles n&#8217;embaucheraient pas quelqu&rsquo;un sans comp\u00e9tences en IA. Pr\u00e9parer les \u00e9tudiant\u00b7e\u00b7s implique donc d&rsquo;int\u00e9grer l&rsquo;IA et les technologies comme comp\u00e9tences fondamentales dans leur formation, en collaboration \u00e9troite avec les responsables de programmes pour r\u00e9pondre aux besoins sp\u00e9cifiques de chaque discipline.<\/p>\n\n\n\n<p><strong>L&rsquo;efficience permise par l&rsquo;IA<\/strong> (priorit\u00e9 #9) explore le potentiel de l&rsquo;automatisation pour r\u00e9duire la charge de travail du personnel, permettre une prise de d\u00e9cision plus rapide et lib\u00e9rer des capacit\u00e9s pour des t\u00e2ches \u00e0 plus forte valeur ajout\u00e9e. Cette priorit\u00e9 reconna\u00eet cependant les pr\u00e9occupations l\u00e9gitimes concernant la s\u00e9curit\u00e9 d&#8217;emploi et souligne l&rsquo;importance d&rsquo;une gestion du changement collaborative qui place le personnel au c\u0153ur de l&rsquo;identification des opportunit\u00e9s d&rsquo;am\u00e9lioration.<\/p>\n\n\n\n<p><strong>Les comp\u00e9tences et litt\u00e9ratie en donn\u00e9es des d\u00e9cideurs\u00b7euses<\/strong> (priorit\u00e9 #10) ferme la boucle en reconnaissant que la valeur des donn\u00e9es institutionnelles d\u00e9pend fondamentalement de la capacit\u00e9 des personnes \u00e0 les interpr\u00e9ter et les utiliser efficacement. Malgr\u00e9 l&rsquo;abondance de donn\u00e9es et de capacit\u00e9s analytiques sophistiqu\u00e9es, de nombreuses institutions peinent avec des donn\u00e9es fragment\u00e9es, des barri\u00e8res d&rsquo;acc\u00e8s et des d\u00e9cisions bas\u00e9es davantage sur l&rsquo;intuition que sur les faits.<\/p>\n\n\n\n<h3 class=\"wp-block-heading\">Implications pour la pratique acad\u00e9mique<\/h3>\n\n\n\n<p>Ces dix priorit\u00e9s dessinent un paysage o\u00f9 la technologie n&rsquo;est plus simplement un outil mais un catalyseur de transformation organisationnelle et p\u00e9dagogique. Pour les enseignant\u00b7e\u00b7s, cela implique de d\u00e9velopper de nouvelles comp\u00e9tences tout en participant activement aux d\u00e9cisions institutionnelles concernant l&rsquo;adoption technologique.<\/p>\n\n\n\n<p>Le rapport EDUCAUSE 2026 rappelle in fine que la plus grande ressource dont disposent les institutions reste la communaut\u00e9 acad\u00e9mique elle-m\u00eame. Les le\u00e7ons partag\u00e9es, les d\u00e9fis communs et les connexions personnelles constituent les v\u00e9ritables sources de r\u00e9silience face aux turbulences actuelles et \u00e0 venir.<\/p>\n\n\n\n<figure class=\"wp-block-image size-large\"><img loading=\"lazy\" decoding=\"async\" width=\"1024\" height=\"816\" src=\"https:\/\/enseigner.unil.ch\/blog-dl\/wp-content\/uploads\/2025\/11\/EDUCAUSE-2026-_-Les-dix-priorites-technologiques-pour-lenseignement-superieur-visual-selection3-1024x816.png\" alt=\"\" class=\"wp-image-437\" srcset=\"https:\/\/enseigner.unil.ch\/blog-dl\/wp-content\/uploads\/2025\/11\/EDUCAUSE-2026-_-Les-dix-priorites-technologiques-pour-lenseignement-superieur-visual-selection3-1024x816.png 1024w, https:\/\/enseigner.unil.ch\/blog-dl\/wp-content\/uploads\/2025\/11\/EDUCAUSE-2026-_-Les-dix-priorites-technologiques-pour-lenseignement-superieur-visual-selection3-300x239.png 300w, https:\/\/enseigner.unil.ch\/blog-dl\/wp-content\/uploads\/2025\/11\/EDUCAUSE-2026-_-Les-dix-priorites-technologiques-pour-lenseignement-superieur-visual-selection3-768x612.png 768w, https:\/\/enseigner.unil.ch\/blog-dl\/wp-content\/uploads\/2025\/11\/EDUCAUSE-2026-_-Les-dix-priorites-technologiques-pour-lenseignement-superieur-visual-selection3-1536x1223.png 1536w, https:\/\/enseigner.unil.ch\/blog-dl\/wp-content\/uploads\/2025\/11\/EDUCAUSE-2026-_-Les-dix-priorites-technologiques-pour-lenseignement-superieur-visual-selection3.png 2034w\" sizes=\"auto, (max-width: 1024px) 100vw, 1024px\" \/><\/figure>\n\n\n\n<p>Cet article a \u00e9t\u00e9 corr\u00e9dig\u00e9 avec Claude Ai \u00e0 partir de la lecture de la pr\u00e9sentation du TOP 10 EDUCAUSE disponible sous ce lien : <a href=\"https:\/\/er.educause.edu\/articles\/2025\/10\/2026-educause-top-10-making-connections\">https:\/\/er.educause.edu\/articles\/2025\/10\/2026-educause-top-10-making-connections<\/a> <br>Les illustrations sont r\u00e9alis\u00e9es par Napkin Ai<\/p>\n\n\n\n<p><\/p>\n","protected":false},"excerpt":{"rendered":"<p>Le rapport EDUCAUSE Top 10 2026 identifie les enjeux technologiques majeurs pour les institutions acad\u00e9miques. Centr\u00e9 sur la th\u00e9matique des connexions, ce document met en lumi\u00e8re deux axes strat\u00e9giques compl\u00e9mentaires : cultiver une volont\u00e9 collective institutionnelle et d\u00e9velopper les capacit\u00e9s individuelles des acteurs\u00b7trices du monde acad\u00e9mique. Dans un contexte marqu\u00e9 par des tensions politiques sur [&hellip;]<\/p>\n","protected":false},"author":2,"featured_media":433,"comment_status":"closed","ping_status":"open","sticky":false,"template":"","format":"standard","meta":{"_uag_custom_page_level_css":"","advgb_blocks_editor_width":"","advgb_blocks_columns_visual_guide":"","footnotes":""},"categories":[2],"tags":[],"class_list":["post-432","post","type-post","status-publish","format-standard","has-post-thumbnail","hentry","category-reflexions-dl"],"author_meta":{"display_name":"Jean-Fran\u00e7ois Van de Po\u00ebl","author_link":"https:\/\/enseigner.unil.ch\/blog-dl\/author\/jean-francois-vandepoelunil-ch\/"},"featured_img":"https:\/\/enseigner.unil.ch\/blog-dl\/wp-content\/uploads\/2025\/11\/educause-300x169.png","uagb_featured_image_src":{"full":["https:\/\/enseigner.unil.ch\/blog-dl\/wp-content\/uploads\/2025\/11\/educause.png",1600,900,false],"thumbnail":["https:\/\/enseigner.unil.ch\/blog-dl\/wp-content\/uploads\/2025\/11\/educause-150x150.png",150,150,true],"medium":["https:\/\/enseigner.unil.ch\/blog-dl\/wp-content\/uploads\/2025\/11\/educause-300x169.png",300,169,true],"medium_large":["https:\/\/enseigner.unil.ch\/blog-dl\/wp-content\/uploads\/2025\/11\/educause-768x432.png",768,432,true],"large":["https:\/\/enseigner.unil.ch\/blog-dl\/wp-content\/uploads\/2025\/11\/educause-1024x576.png",1024,576,true],"1536x1536":["https:\/\/enseigner.unil.ch\/blog-dl\/wp-content\/uploads\/2025\/11\/educause-1536x864.png",1536,864,true],"2048x2048":["https:\/\/enseigner.unil.ch\/blog-dl\/wp-content\/uploads\/2025\/11\/educause.png",1600,900,false]},"uagb_author_info":{"display_name":"Jean-Fran\u00e7ois Van de Po\u00ebl","author_link":"https:\/\/enseigner.unil.ch\/blog-dl\/author\/jean-francois-vandepoelunil-ch\/"},"uagb_comment_info":0,"uagb_excerpt":"Le rapport EDUCAUSE Top 10 2026 identifie les enjeux technologiques majeurs pour les institutions acad\u00e9miques. Centr\u00e9 sur la th\u00e9matique des connexions, ce document met en lumi\u00e8re deux axes strat\u00e9giques compl\u00e9mentaires : cultiver une volont\u00e9 collective institutionnelle et d\u00e9velopper les capacit\u00e9s individuelles des acteurs\u00b7trices du monde acad\u00e9mique. Dans un contexte marqu\u00e9 par des tensions politiques sur\u2026","coauthors":[],"tax_additional":{"categories":{"linked":["<a href=\"https:\/\/enseigner.unil.ch\/blog-dl\/category\/reflexions-dl\/\" class=\"advgb-post-tax-term\">R\u00e9flexions DL<\/a>"],"unlinked":["<span class=\"advgb-post-tax-term\">R\u00e9flexions DL<\/span>"]}},"comment_count":"0","relative_dates":{"created":"Publi\u00e9 6 mois il y a","modified":"Mis \u00e0 jour 6 mois il y a"},"absolute_dates":{"created":"Publi\u00e9 le 5 novembre 2025","modified":"Mise \u00e0 jour le 5 novembre 2025"},"absolute_dates_time":{"created":"Publi\u00e9 le 5 novembre 2025 9h40","modified":"Mise \u00e0 jour le 5 novembre 2025 9h40"},"featured_img_caption":"","series_order":"","_links":{"self":[{"href":"https:\/\/enseigner.unil.ch\/blog-dl\/wp-json\/wp\/v2\/posts\/432","targetHints":{"allow":["GET"]}}],"collection":[{"href":"https:\/\/enseigner.unil.ch\/blog-dl\/wp-json\/wp\/v2\/posts"}],"about":[{"href":"https:\/\/enseigner.unil.ch\/blog-dl\/wp-json\/wp\/v2\/types\/post"}],"author":[{"embeddable":true,"href":"https:\/\/enseigner.unil.ch\/blog-dl\/wp-json\/wp\/v2\/users\/2"}],"replies":[{"embeddable":true,"href":"https:\/\/enseigner.unil.ch\/blog-dl\/wp-json\/wp\/v2\/comments?post=432"}],"version-history":[{"count":1,"href":"https:\/\/enseigner.unil.ch\/blog-dl\/wp-json\/wp\/v2\/posts\/432\/revisions"}],"predecessor-version":[{"id":438,"href":"https:\/\/enseigner.unil.ch\/blog-dl\/wp-json\/wp\/v2\/posts\/432\/revisions\/438"}],"wp:featuredmedia":[{"embeddable":true,"href":"https:\/\/enseigner.unil.ch\/blog-dl\/wp-json\/wp\/v2\/media\/433"}],"wp:attachment":[{"href":"https:\/\/enseigner.unil.ch\/blog-dl\/wp-json\/wp\/v2\/media?parent=432"}],"wp:term":[{"taxonomy":"category","embeddable":true,"href":"https:\/\/enseigner.unil.ch\/blog-dl\/wp-json\/wp\/v2\/categories?post=432"},{"taxonomy":"post_tag","embeddable":true,"href":"https:\/\/enseigner.unil.ch\/blog-dl\/wp-json\/wp\/v2\/tags?post=432"}],"curies":[{"name":"wp","href":"https:\/\/api.w.org\/{rel}","templated":true}]}}