{"id":448,"date":"2025-11-12T14:21:59","date_gmt":"2025-11-12T13:21:59","guid":{"rendered":"https:\/\/enseigner.unil.ch\/blog-dl\/?p=448"},"modified":"2025-11-12T14:21:59","modified_gmt":"2025-11-12T13:21:59","slug":"dynamisation-pedagogique-a-lunil-bilan-et-perspectives-de-ladoption-des-outils-interactifs-wooclap-et-wooflash","status":"publish","type":"post","link":"https:\/\/enseigner.unil.ch\/blog-dl\/dynamisation-pedagogique-a-lunil-bilan-et-perspectives-de-ladoption-des-outils-interactifs-wooclap-et-wooflash\/","title":{"rendered":"Dynamisation P\u00e9dagogique \u00e0 l&rsquo;UNIL : Bilan et Perspectives de l&rsquo;Adoption des Outils Interactifs Wooclap et Wooflash"},"content":{"rendered":"\n<h2 class=\"wp-block-heading\">Introduction<\/h2>\n\n\n\n<p>Inscrite dans une d\u00e9marche de transformation num\u00e9rique de ses pratiIques d&rsquo;enseignement, l&rsquo;Universit\u00e9 de Lausanne (UNIL) met \u00e0 disposition de sa communaut\u00e9 enseignante et estudiantine, depuis 2021, un \u00e9cosyst\u00e8me d&rsquo;outils technop\u00e9dagogiques.<\/p>\n\n\n\n<p>L&rsquo;objectif est de soutenir le d\u00e9veloppement de p\u00e9dagogies actives, de favoriser l&rsquo;engagement des \u00e9tudiants et d&rsquo;adapter les modalit\u00e9s d&rsquo;apprentissage aux diff\u00e9rents contextes d&rsquo;enseignement. Au c\u0153ur de cet \u00e9cosyst\u00e8me se trouvent deux plateformes compl\u00e9mentaires mais aux finalit\u00e9s distinctes : Wooclap et Wooflash<\/p>\n\n\n\n<p><strong>Wooclap<\/strong> est con\u00e7u comme un outil d&rsquo;interaction <strong>synchrone<\/strong>. Sa fonction premi\u00e8re est de dynamiser l&rsquo;enseignement en pr\u00e9sence ou \u00e0 distance en permettant aux enseignants de sonder, de questionner et de recueillir les retours de leur audience en temps r\u00e9el. Par le biais de divers types de questions (sondages, nuages de mots, QCM, etc.), il vise \u00e0 capter l&rsquo;attention, \u00e0 \u00e9valuer la compr\u00e9hension imm\u00e9diate et \u00e0 stimuler la participation active durant le temps de cours.<\/p>\n\n\n\n<p><strong>Wooflash<\/strong>, quant \u00e0 lui, op\u00e8re sur le plan de l&rsquo;apprentissage <strong>asynchrone<\/strong>. Con\u00e7u comme une plateforme de microlearning et de r\u00e9vision, il permet aux \u00e9tudiant\u00b7e\u00b7s de s&rsquo;entra\u00eener \u00e0 leur propre rythme, en dehors des sessions de cours. S&rsquo;appuyant sur des principes issus des neurosciences, tels que la r\u00e9p\u00e9tition espac\u00e9e et l&rsquo;apprentissage adaptatif, Wooflash propose des parcours de r\u00e9vision personnalis\u00e9s visant \u00e0 ancrer les connaissances sur le long terme.<\/p>\n\n\n\n<p>La compl\u00e9mentarit\u00e9 de ces deux outils offre un potentiel p\u00e9dagogique significatif, couvrant \u00e0 la fois le temps de l&rsquo;interaction en classe et celui de l&rsquo;\u00e9tude individuelle. Cet article propose une analyse de l&rsquo;adoption et des usages de Wooclap et Wooflash \u00e0 l&rsquo;UNIL, bas\u00e9e sur les donn\u00e9es d&rsquo;utilisation collect\u00e9es depuis 2021 jusqu&rsquo;\u00e0 novembre 2025 pour Wooflash et sur la derni\u00e8re ann\u00e9e en ce qui concerne Wooclap. Apr\u00e8s une pr\u00e9sentation d\u00e9taill\u00e9e des statistiques d&rsquo;usage permettant de quantifier cette adoption, nous conclurons sur les perspectives d&rsquo;\u00e9volution et d&rsquo;int\u00e9gration de ces outils dans les pratiques p\u00e9dagogiques de l&rsquo;institution.<\/p>\n\n\n\n<h2 class=\"wp-block-heading\">Partie 1 : Analyse Statistique de l&rsquo;Usage<\/h2>\n\n\n\n<p>L&rsquo;analyse des donn\u00e9es d&rsquo;utilisation de Wooclap et Wooflash \u00e0 l&rsquo;UNIL r\u00e9v\u00e8le deux sch\u00e9mas d&rsquo;adoption distincts, qui confirment les vocations p\u00e9dagogiques diff\u00e9rentes de ces outils. L&rsquo;un, Wooflash, s&rsquo;impose comme un outil de travail et de r\u00e9vision sur le temps long (asynchrone), tandis que l&rsquo;autre, Wooclap, est un instrument de l&rsquo;interaction en temps r\u00e9el (synchrone).<\/p>\n\n\n\n<h3 class=\"wp-block-heading\">A. Wooflash : L&rsquo;essor de l&rsquo;apprentissage asynchrone et de la r\u00e9vision<\/h3>\n\n\n\n<p>Les statistiques globales de Wooflash t\u00e9moignent d&rsquo;une adoption massive, en particulier du c\u00f4t\u00e9 des \u00e9tudiant\u00b7e\u00b7s. En date de novembre 2025, la plateforme totalise <strong>5 855 comptes cr\u00e9\u00e9s<\/strong>. La r\u00e9partition de ces comptes est particuli\u00e8rement \u00e9clairante sur l&rsquo;usage de l&rsquo;outil : elle se compose de <strong>5 189 \u00e9tudiant\u00b7e\u00b7s<\/strong>, <strong>249 enseignant\u00b7e\u00b7s<\/strong> et 417 utilisateur\u00b7rice\u00b7s au statut inconnu. Ce ratio \u00e9lev\u00e9 d&rsquo;\u00e9tudiant\u00b7e\u00b7s par enseignant \u00b7e est coh\u00e9rent avec la nature de la plateforme, o\u00f9 un nombre restreint de cr\u00e9ateurs de contenu (enseignant\u00b7e\u00b7s) produit des ressources consomm\u00e9es par un large public d&rsquo;apprenant\u00b7e\u00b7s.<\/p>\n\n\n\n<figure class=\"wp-block-image size-large\"><img loading=\"lazy\" decoding=\"async\" width=\"1024\" height=\"844\" src=\"https:\/\/enseigner.unil.ch\/blog-dl\/wp-content\/uploads\/2025\/11\/visual-selection18-1024x844.png\" alt=\"\" class=\"wp-image-449\" srcset=\"https:\/\/enseigner.unil.ch\/blog-dl\/wp-content\/uploads\/2025\/11\/visual-selection18-1024x844.png 1024w, https:\/\/enseigner.unil.ch\/blog-dl\/wp-content\/uploads\/2025\/11\/visual-selection18-300x247.png 300w, https:\/\/enseigner.unil.ch\/blog-dl\/wp-content\/uploads\/2025\/11\/visual-selection18-768x633.png 768w, https:\/\/enseigner.unil.ch\/blog-dl\/wp-content\/uploads\/2025\/11\/visual-selection18-1536x1267.png 1536w, https:\/\/enseigner.unil.ch\/blog-dl\/wp-content\/uploads\/2025\/11\/visual-selection18-2048x1689.png 2048w\" sizes=\"auto, (max-width: 1024px) 100vw, 1024px\" \/><\/figure>\n\n\n\n<p>Le volume de contenu cr\u00e9\u00e9 est substantiel, avec <strong>6 040 cours<\/strong> et <strong>580 357 questions<\/strong>. C&rsquo;est toutefois le chiffre de l&rsquo;engagement qui atteste de l&rsquo;intensit\u00e9 de l&rsquo;usage : ces contenus ont g\u00e9n\u00e9r\u00e9 un total de <strong>2 225 665 r\u00e9ponses re\u00e7ues<\/strong>. Le ratio moyen de pr\u00e8s de <strong>429 r\u00e9ponses par \u00e9tudiant\u00b7e<\/strong> inscrit t\u00e9moigne d&rsquo;une utilisation r\u00e9currente de l&rsquo;outil pour l&rsquo;entra\u00eenement et la r\u00e9vision.<\/p>\n\n\n\n<figure class=\"wp-block-image size-large\"><img loading=\"lazy\" decoding=\"async\" width=\"1024\" height=\"627\" src=\"https:\/\/enseigner.unil.ch\/blog-dl\/wp-content\/uploads\/2025\/11\/visual-selection19-1024x627.png\" alt=\"\" class=\"wp-image-450\" srcset=\"https:\/\/enseigner.unil.ch\/blog-dl\/wp-content\/uploads\/2025\/11\/visual-selection19-1024x627.png 1024w, https:\/\/enseigner.unil.ch\/blog-dl\/wp-content\/uploads\/2025\/11\/visual-selection19-300x184.png 300w, https:\/\/enseigner.unil.ch\/blog-dl\/wp-content\/uploads\/2025\/11\/visual-selection19-768x470.png 768w, https:\/\/enseigner.unil.ch\/blog-dl\/wp-content\/uploads\/2025\/11\/visual-selection19-1536x940.png 1536w, https:\/\/enseigner.unil.ch\/blog-dl\/wp-content\/uploads\/2025\/11\/visual-selection19-2048x1253.png 2048w\" sizes=\"auto, (max-width: 1024px) 100vw, 1024px\" \/><\/figure>\n\n\n\n<p>L&rsquo;analyse de la croissance annuelle depuis l&rsquo;introduction de l&rsquo;outil en 2021 d\u00e9peint une trajectoire d&rsquo;adoption exponentielle. Les graphiques annuels montrent un d\u00e9marrage modeste en 2021 et 2022, suivi d&rsquo;une acc\u00e9l\u00e9ration importante en 2023, tant pour la cr\u00e9ation de comptes que pour celle de contenus. La cr\u00e9ation de questions, par exemple, passe d&rsquo;un niveau quasi nul en 2022 \u00e0 environ 100 000 en 2023 , puis \u00e0 plus de 240 000 en 2024 et d\u00e9passe les 300 000 en 2025. Cette explosion de la cr\u00e9ation de mat\u00e9riel p\u00e9dagogique a logiquement entra\u00een\u00e9 une explosion de l&rsquo;utilisation, le nombre de r\u00e9ponses re\u00e7ues passant de 120 000 en 2022 \u00e0 pr\u00e8s de 800 000 en 2024 et 2025.<\/p>\n\n\n\n<figure class=\"wp-block-image size-large\"><img loading=\"lazy\" decoding=\"async\" width=\"1024\" height=\"557\" src=\"https:\/\/enseigner.unil.ch\/blog-dl\/wp-content\/uploads\/2025\/11\/visual-selection20-1024x557.png\" alt=\"\" class=\"wp-image-452\" srcset=\"https:\/\/enseigner.unil.ch\/blog-dl\/wp-content\/uploads\/2025\/11\/visual-selection20-1024x557.png 1024w, https:\/\/enseigner.unil.ch\/blog-dl\/wp-content\/uploads\/2025\/11\/visual-selection20-300x163.png 300w, https:\/\/enseigner.unil.ch\/blog-dl\/wp-content\/uploads\/2025\/11\/visual-selection20-768x418.png 768w, https:\/\/enseigner.unil.ch\/blog-dl\/wp-content\/uploads\/2025\/11\/visual-selection20-1536x836.png 1536w, https:\/\/enseigner.unil.ch\/blog-dl\/wp-content\/uploads\/2025\/11\/visual-selection20-2048x1115.png 2048w\" sizes=\"auto, (max-width: 1024px) 100vw, 1024px\" \/><\/figure>\n\n\n\n<p>L&rsquo;analyse mensuelle de l&rsquo;activit\u00e9 sur la p\u00e9riode 2024-2025 confirme la fonction de r\u00e9vision de la plateforme. Alors que la cr\u00e9ation de nouveaux comptes conna\u00eet des pics logiques lors des rentr\u00e9es acad\u00e9miques (septembre 2024 et septembre 2025), l&rsquo;activit\u00e9 principale de la plateforme est d\u00e9corr\u00e9l\u00e9e de ces p\u00e9riodes.<\/p>\n\n\n\n<p>Les pics d&rsquo;activit\u00e9 les plus intenses concernent la cr\u00e9ation de questions et, surtout, la r\u00e9ception de r\u00e9ponses. Ces pics ne co\u00efncident pas avec le d\u00e9but des semestres, mais s&rsquo;alignent de mani\u00e8re marqu\u00e9e sur les p\u00e9riodes d&rsquo;examens. Les donn\u00e9es montrent des sommets d&rsquo;utilisation tr\u00e8s nets en <strong>d\u00e9cembre 2024<\/strong> et <strong>janvier 2025<\/strong> (pr\u00e8s de 200 000 r\u00e9ponses) , ainsi qu&rsquo;en <strong>mai<\/strong> et <strong>juin 2025<\/strong> (pic \u00e0 environ 165 000 r\u00e9ponses). <\/p>\n\n\n\n<p>Ces sch\u00e9mas saisonniers sugg\u00e8rent fortement que les \u00e9tudiant\u00b7e\u00b7s utilisent massivement Wooflash comme un outil de pr\u00e9paration et de r\u00e9vision intensive avant et pendant les sessions d&rsquo;\u00e9valuation. La cr\u00e9ation de questions par les enseignant\u00b7e\u00b7s semble suivre une logique similaire, avec des pics pr\u00e9c\u00e9dant ces m\u00eames p\u00e9riodes, indiquant potentiellement la mise \u00e0 disposition de modules de r\u00e9vision juste avant les examens.<\/p>\n\n\n\n<h3 class=\"wp-block-heading\">B. Wooclap : La dynamisation de l&rsquo;interaction synchrone<\/h3>\n\n\n\n<p>Contrairement \u00e0 la dynamique de r\u00e9vision asynchrone de Wooflash, les donn\u00e9es d&rsquo;utilisation de Wooclap r\u00e9v\u00e8lent une ad\u00e9quation parfaite avec le calendrier acad\u00e9mique et l&rsquo;interaction en temps r\u00e9el. L&rsquo;outil s&rsquo;affirme comme un instrument de la salle de classe, qu&rsquo;elle soit physique ou virtuelle.<\/p>\n\n\n\n<p>Sur la p\u00e9riode analys\u00e9e (septembre 2024 &#8211; octobre 2025), la plateforme compte <strong>3 884 pr\u00e9sentateurs enregistr\u00e9s<\/strong>. Parmi ceux-ci, <strong>1 913 ont \u00e9t\u00e9 des pr\u00e9sentateurs actifs<\/strong> , c&rsquo;est-\u00e0-dire qu&rsquo;ils ont anim\u00e9 au moins une session, et 967 ont \u00e9t\u00e9 des cr\u00e9ateurs d&rsquo;\u00e9v\u00e9nements. Ce taux d&rsquo;activation, o\u00f9 pr\u00e8s de la moiti\u00e9 des inscrits a utilis\u00e9 activement l&rsquo;outil sur la p\u00e9riode, t\u00e9moigne d&rsquo;une adoption saine et non d&rsquo;un simple enregistrement sans suite.<\/p>\n\n\n\n<p>L&rsquo;analyse de la saisonnalit\u00e9 de l&rsquo;usage (graphique, Page 3) est particuli\u00e8rement r\u00e9v\u00e9latrice. L&rsquo;activit\u00e9 des pr\u00e9sentateurs actifs suit un sch\u00e9ma qui \u00e9pouse parfaitement les semestres acad\u00e9miques. On observe des pics d&rsquo;activit\u00e9 marqu\u00e9s :<\/p>\n\n\n\n<ul class=\"wp-block-list\">\n<li>\u00c0 la rentr\u00e9e d&rsquo;automne : L&rsquo;activit\u00e9 cro\u00eet fortement en septembre (l\u00e9g\u00e8rement moins de 400 pr\u00e9sentateurs en 2024, plus de 500 en 2025) et octobre.<\/li>\n\n\n\n<li>Durant le semestre de printemps : L&rsquo;activit\u00e9 est soutenue de f\u00e9vrier \u00e0 mai 2025.<\/li>\n<\/ul>\n\n\n\n<figure class=\"wp-block-image size-large\"><img loading=\"lazy\" decoding=\"async\" width=\"1024\" height=\"878\" src=\"https:\/\/enseigner.unil.ch\/blog-dl\/wp-content\/uploads\/2025\/11\/visual-selection22-1024x878.png\" alt=\"\" class=\"wp-image-454\" srcset=\"https:\/\/enseigner.unil.ch\/blog-dl\/wp-content\/uploads\/2025\/11\/visual-selection22-1024x878.png 1024w, https:\/\/enseigner.unil.ch\/blog-dl\/wp-content\/uploads\/2025\/11\/visual-selection22-300x257.png 300w, https:\/\/enseigner.unil.ch\/blog-dl\/wp-content\/uploads\/2025\/11\/visual-selection22-768x658.png 768w, https:\/\/enseigner.unil.ch\/blog-dl\/wp-content\/uploads\/2025\/11\/visual-selection22-1536x1317.png 1536w, https:\/\/enseigner.unil.ch\/blog-dl\/wp-content\/uploads\/2025\/11\/visual-selection22.png 1890w\" sizes=\"auto, (max-width: 1024px) 100vw, 1024px\" \/><\/figure>\n\n\n\n<p>\u00c0 l&rsquo;inverse, l&rsquo;activit\u00e9 chute drastiquement pendant les p\u00e9riodes non d\u00e9volues \u00e0 l&rsquo;enseignement \u00ab\u00a0en direct\u00a0\u00bb :<\/p>\n\n\n\n<ul class=\"wp-block-list\">\n<li><strong>Pendant les sessions d&rsquo;examens<\/strong> : Janvier 2025 montre un creux notable.<\/li>\n\n\n\n<li><strong>Pendant la pause estivale<\/strong> : L&rsquo;activit\u00e9 est quasi nulle en juillet et ao\u00fbt 2025<\/li>\n<\/ul>\n\n\n\n<p>Ce profil d&rsquo;activit\u00e9 synchrone est le miroir invers\u00e9 de Wooflash. Il est corrobor\u00e9 par l&rsquo;analyse de l&rsquo;engagement des participant\u00b7e\u00b7s. La plateforme a enregistr\u00e9 <strong>145 580 participations<\/strong> et <strong>765 393 r\u00e9ponses re\u00e7ues<\/strong>. Le graphique du nombre de participant\u00b7e\u00b7s uniques (Page 21) montre les pics les plus \u00e9lev\u00e9s de l&rsquo;ann\u00e9e lors de la rentr\u00e9e de septembre et octobre, d\u00e9passant les 14 000 participants uniques par mois, ce qui co\u00efncide avec le d\u00e9marrage des cours pour les larges cohortes<\/p>\n\n\n\n<figure class=\"wp-block-image size-large\"><img loading=\"lazy\" decoding=\"async\" width=\"1024\" height=\"1013\" src=\"https:\/\/enseigner.unil.ch\/blog-dl\/wp-content\/uploads\/2025\/11\/visual-selection23-1024x1013.png\" alt=\"\" class=\"wp-image-455\" srcset=\"https:\/\/enseigner.unil.ch\/blog-dl\/wp-content\/uploads\/2025\/11\/visual-selection23-1024x1013.png 1024w, https:\/\/enseigner.unil.ch\/blog-dl\/wp-content\/uploads\/2025\/11\/visual-selection23-300x297.png 300w, https:\/\/enseigner.unil.ch\/blog-dl\/wp-content\/uploads\/2025\/11\/visual-selection23-768x759.png 768w, https:\/\/enseigner.unil.ch\/blog-dl\/wp-content\/uploads\/2025\/11\/visual-selection23-1536x1519.png 1536w, https:\/\/enseigner.unil.ch\/blog-dl\/wp-content\/uploads\/2025\/11\/visual-selection23.png 1872w\" sizes=\"auto, (max-width: 1024px) 100vw, 1024px\" \/><\/figure>\n\n\n\n<p>Enfin, l&rsquo;analyse de la croissance interannuelle (YoY) des cr\u00e9ateurs d&rsquo;\u00e9v\u00e9nements et du nombre d&rsquo;\u00e9v\u00e9nements cr\u00e9\u00e9s est tr\u00e8s positive. Pour la quasi-totalit\u00e9 des mois, l&rsquo;activit\u00e9 de l&rsquo;ann\u00e9e \u00ab\u00a0N\u00a0\u00bbest sup\u00e9rieure \u00e0 celle de l&rsquo;ann\u00e9e \u00ab\u00a0N-1\u00a0\u00bb (en gris), ce qui d\u00e9montre une consolidation et une intensification de l&rsquo;usage de l&rsquo;outil au sein de l&rsquo;institution.<\/p>\n\n\n\n<h3 class=\"wp-block-heading\">C. L&rsquo;engagement des participants : Volume et diversit\u00e9<\/h3>\n\n\n\n<p>Si l&rsquo;adoption de Wooclap est av\u00e9r\u00e9e, l&rsquo;analyse des types de questions cr\u00e9\u00e9es (Page 11) offre un aper\u00e7u des pratiques p\u00e9dagogiques privil\u00e9gi\u00e9es par les utilisateurs. Sur un total de 20 817 questions cr\u00e9\u00e9es sur la p\u00e9riode, l&rsquo;usage est fortement concentr\u00e9 sur trois types d&rsquo;interactions :<\/p>\n\n\n\n<ul class=\"wp-block-list\">\n<li><strong>Le QCM (Question \u00e0 Choix Multiple)<\/strong> : repr\u00e9sente 45.7% de l&rsquo;usage.<\/li>\n\n\n\n<li><strong>La Question Ouverte<\/strong> : 20.1%.<\/li>\n\n\n\n<li><strong>Le Sondage<\/strong> : 14.2%<\/li>\n<\/ul>\n\n\n\n<p>\u00c0 elles seules, ces trois fonctionnalit\u00e9s repr\u00e9sentent plus de 80% des questions pos\u00e9es. Elles sont souvent privil\u00e9gi\u00e9es pour leur simplicit\u00e9 de mise en \u0153uvre et leur efficacit\u00e9 pour \u00e9valuer la compr\u00e9hension ou recueillir des opinions rapidement.<\/p>\n\n\n\n<figure class=\"wp-block-image size-large\"><img loading=\"lazy\" decoding=\"async\" width=\"1024\" height=\"740\" src=\"https:\/\/enseigner.unil.ch\/blog-dl\/wp-content\/uploads\/2025\/11\/visual-selection24-1024x740.png\" alt=\"\" class=\"wp-image-456\" srcset=\"https:\/\/enseigner.unil.ch\/blog-dl\/wp-content\/uploads\/2025\/11\/visual-selection24-1024x740.png 1024w, https:\/\/enseigner.unil.ch\/blog-dl\/wp-content\/uploads\/2025\/11\/visual-selection24-300x217.png 300w, https:\/\/enseigner.unil.ch\/blog-dl\/wp-content\/uploads\/2025\/11\/visual-selection24-768x555.png 768w, https:\/\/enseigner.unil.ch\/blog-dl\/wp-content\/uploads\/2025\/11\/visual-selection24-1536x1111.png 1536w, https:\/\/enseigner.unil.ch\/blog-dl\/wp-content\/uploads\/2025\/11\/visual-selection24-2048x1481.png 2048w\" sizes=\"auto, (max-width: 1024px) 100vw, 1024px\" \/><\/figure>\n\n\n\n<p>Les fonctionnalit\u00e9s permettant des sc\u00e9narios p\u00e9dagogiques plus complexes sont, en comparaison, tr\u00e8s peu mobilis\u00e9es. Le \u00ab\u00a0Matching\u00a0\u00bb (4.2%) , le \u00ab\u00a0Brainstorm\u00a0\u00bb (1.6%) , ou encore le \u00ab\u00a0Tri\u00a0\u00bb (Sorting, 1.3%)  restent des usages de niche. Par ailleurs, on observe l&rsquo;\u00e9mergence d&rsquo;une nouvelle pratique avec la cr\u00e9ation de questions via l&rsquo;Intelligence Artificielle, dont l&rsquo;usage, bien que minoritaire, conna\u00eet des pics notables en f\u00e9vrier et septembre 2025.<\/p>\n\n\n\n<h2 class=\"wp-block-heading\">Partie 2 : Perspectives et Enjeux Futurs<\/h2>\n\n\n\n<p>L&rsquo;analyse quantitative de l&rsquo;adoption de Wooclap et Wooflash \u00e0 l&rsquo;UNIL d\u00e9montre un succ\u00e8s ind\u00e9niable et une implantation r\u00e9ussie au sein des pratiques de la communaut\u00e9. Les donn\u00e9es de croissance interannuelle (YoY) confirment que l&rsquo;usage n&rsquo;\u00e9tait pas un effet de mode post-2021, mais une tendance de fond qui se consolide. L&rsquo;enjeu principal se d\u00e9place d\u00e9sormais de la simple adoption (l&rsquo;acquisition de nouveaux utilisateurs) vers la maturation des usages (l&rsquo;approfondissement des pratiques p\u00e9dagogiques).<\/p>\n\n\n\n<p>Une premi\u00e8re perspective concerne la <strong>diversification des pratiques<\/strong>. L&rsquo;analyse de l&rsquo;usage de Wooclap a montr\u00e9 une forte concentration sur un nombre restreint de fonctionnalit\u00e9s, principalement le QCM, la Question Ouverte et le Sondage.<\/p>\n\n\n\n<p> Si ces outils sont efficaces pour l&rsquo;\u00e9valuation formative rapide et l&rsquo;engagement, un enjeu futur est d&rsquo;encourager la d\u00e9couverte et l&rsquo;utilisation de fonctionnalit\u00e9s plus avanc\u00e9es (telles que \u00ab\u00a0Brainstorm\u00a0\u00bb , \u00ab\u00a0Matching\u00a0\u00bb  ou \u00ab\u00a0Tri\u00a0\u00bb) qui permettent de d\u00e9velopper des comp\u00e9tences de plus haut niveau (analyse, synth\u00e8se, collaboration). Cela implique un effort cibl\u00e9 d&rsquo;accompagnement et de formation continue des enseignants, ax\u00e9 sur le partage de sc\u00e9narios p\u00e9dagogiques.<\/p>\n\n\n\n<p>Le second enjeu majeur r\u00e9side dans le <strong>renforcement du cycle d&rsquo;apprentissage synchrone-asynchrone<\/strong>. Les donn\u00e9es montrent que les deux outils sont utilis\u00e9s de mani\u00e8re compl\u00e9mentaire, mais peut-\u00eatre encore trop cloisonn\u00e9e : Wooclap pour le cours , Wooflash pour les r\u00e9visions. <\/p>\n\n\n\n<p>La perspective la plus riche est de promouvoir leur int\u00e9gration syst\u00e9matique. Les enseignants peuvent, par exemple, utiliser les interactions Wooclap en classe pour identifier les points de difficult\u00e9, puis exporter ces questions vers un module Wooflash pour une r\u00e9vision asynchrone cibl\u00e9e. Favoriser cette articulation transformerait deux outils performants en un \u00e9cosyst\u00e8me p\u00e9dagogique int\u00e9gr\u00e9.<\/p>\n\n\n\n<p>Enfin, l&rsquo;\u00e9mergence de la <strong>cr\u00e9ation de questions par Intelligence Artificielle<\/strong>  constitue \u00e0 la fois une perspective et un enjeu. D&rsquo;une part, elle repr\u00e9sente un gain d&rsquo;efficacit\u00e9 notable pour les enseignants lors de la cr\u00e9ation de mat\u00e9riel p\u00e9dagogique. D&rsquo;autre part, elle soul\u00e8ve des questions de validation p\u00e9dagogique : le contenu g\u00e9n\u00e9r\u00e9 est-il align\u00e9 avec les objectifs d&rsquo;apprentissage ? Cet enjeu de \u00ab\u00a0curation\u00a0\u00bb et de contr\u00f4le qualit\u00e9 du contenu g\u00e9n\u00e9r\u00e9 par IA sera central dans les ann\u00e9es \u00e0 venir.<\/p>\n\n\n\n<h2 class=\"wp-block-heading\">Conclusions<\/h2>\n\n\n\n<p>L&rsquo;adoption de Wooclap et Wooflash \u00e0 l&rsquo;Universit\u00e9 de Lausanne est un succ\u00e8s quantitatif. L&rsquo;analyse des donn\u00e9es d&rsquo;utilisation confirme une ad\u00e9quation parfaite entre la vocation des outils et leurs sch\u00e9mas d&rsquo;usage : Wooclap s&rsquo;est impos\u00e9 comme l&rsquo;outil de l&rsquo;interaction synchrone en semestre, tandis que Wooflash est devenu une plateforme incontournable de la r\u00e9vision asynchrone lors des p\u00e9riodes d&rsquo;examens.<\/p>\n\n\n\n<p>L&rsquo;enjeu pour l&rsquo;institution n&rsquo;est plus seulement d&rsquo;encourager l&rsquo;adoption, mais de promouvoir un approfondissement des pratiques et une int\u00e9gration plus syst\u00e9matique de ces outils dans des sc\u00e9narios p\u00e9dagogiques complets, tirant parti de leur pleine compl\u00e9mentarit\u00e9.<\/p>\n","protected":false},"excerpt":{"rendered":"<p>Introduction Inscrite dans une d\u00e9marche de transformation num\u00e9rique de ses pratiIques d&rsquo;enseignement, l&rsquo;Universit\u00e9 de Lausanne (UNIL) met \u00e0 disposition de sa communaut\u00e9 enseignante et estudiantine, depuis 2021, un \u00e9cosyst\u00e8me d&rsquo;outils technop\u00e9dagogiques. L&rsquo;objectif est de soutenir le d\u00e9veloppement de p\u00e9dagogies actives, de favoriser l&rsquo;engagement des \u00e9tudiants et d&rsquo;adapter les modalit\u00e9s d&rsquo;apprentissage aux diff\u00e9rents contextes d&rsquo;enseignement. Au [&hellip;]<\/p>\n","protected":false},"author":2,"featured_media":451,"comment_status":"closed","ping_status":"open","sticky":false,"template":"","format":"standard","meta":{"_uag_custom_page_level_css":"","advgb_blocks_editor_width":"","advgb_blocks_columns_visual_guide":"","footnotes":""},"categories":[1],"tags":[],"class_list":["post-448","post","type-post","status-publish","format-standard","has-post-thumbnail","hentry","category-echos-terrain"],"author_meta":{"display_name":"Jean-Fran\u00e7ois Van de Po\u00ebl","author_link":"https:\/\/enseigner.unil.ch\/blog-dl\/author\/jean-francois-vandepoelunil-ch\/"},"featured_img":"https:\/\/enseigner.unil.ch\/blog-dl\/wp-content\/uploads\/2025\/11\/ill_article_wooclap-300x200.jpeg","uagb_featured_image_src":{"full":["https:\/\/enseigner.unil.ch\/blog-dl\/wp-content\/uploads\/2025\/11\/ill_article_wooclap.jpeg",1536,1024,false],"thumbnail":["https:\/\/enseigner.unil.ch\/blog-dl\/wp-content\/uploads\/2025\/11\/ill_article_wooclap-150x150.jpeg",150,150,true],"medium":["https:\/\/enseigner.unil.ch\/blog-dl\/wp-content\/uploads\/2025\/11\/ill_article_wooclap-300x200.jpeg",300,200,true],"medium_large":["https:\/\/enseigner.unil.ch\/blog-dl\/wp-content\/uploads\/2025\/11\/ill_article_wooclap-768x512.jpeg",768,512,true],"large":["https:\/\/enseigner.unil.ch\/blog-dl\/wp-content\/uploads\/2025\/11\/ill_article_wooclap-1024x683.jpeg",1024,683,true],"1536x1536":["https:\/\/enseigner.unil.ch\/blog-dl\/wp-content\/uploads\/2025\/11\/ill_article_wooclap.jpeg",1536,1024,false],"2048x2048":["https:\/\/enseigner.unil.ch\/blog-dl\/wp-content\/uploads\/2025\/11\/ill_article_wooclap.jpeg",1536,1024,false]},"uagb_author_info":{"display_name":"Jean-Fran\u00e7ois Van de Po\u00ebl","author_link":"https:\/\/enseigner.unil.ch\/blog-dl\/author\/jean-francois-vandepoelunil-ch\/"},"uagb_comment_info":0,"uagb_excerpt":"Introduction Inscrite dans une d\u00e9marche de transformation num\u00e9rique de ses pratiIques d&rsquo;enseignement, l&rsquo;Universit\u00e9 de Lausanne (UNIL) met \u00e0 disposition de sa communaut\u00e9 enseignante et estudiantine, depuis 2021, un \u00e9cosyst\u00e8me d&rsquo;outils technop\u00e9dagogiques. L&rsquo;objectif est de soutenir le d\u00e9veloppement de p\u00e9dagogies actives, de favoriser l&rsquo;engagement des \u00e9tudiants et d&rsquo;adapter les modalit\u00e9s d&rsquo;apprentissage aux diff\u00e9rents contextes d&rsquo;enseignement. Au\u2026","coauthors":[],"tax_additional":{"categories":{"linked":["<a href=\"https:\/\/enseigner.unil.ch\/blog-dl\/category\/echos-terrain\/\" class=\"advgb-post-tax-term\">Echos du terrain<\/a>"],"unlinked":["<span class=\"advgb-post-tax-term\">Echos du terrain<\/span>"]}},"comment_count":"0","relative_dates":{"created":"Publi\u00e9 6 mois il y a","modified":"Mis \u00e0 jour 6 mois il y a"},"absolute_dates":{"created":"Publi\u00e9 le 12 novembre 2025","modified":"Mise \u00e0 jour le 12 novembre 2025"},"absolute_dates_time":{"created":"Publi\u00e9 le 12 novembre 2025 14h21","modified":"Mise \u00e0 jour le 12 novembre 2025 14h21"},"featured_img_caption":"","series_order":"","_links":{"self":[{"href":"https:\/\/enseigner.unil.ch\/blog-dl\/wp-json\/wp\/v2\/posts\/448","targetHints":{"allow":["GET"]}}],"collection":[{"href":"https:\/\/enseigner.unil.ch\/blog-dl\/wp-json\/wp\/v2\/posts"}],"about":[{"href":"https:\/\/enseigner.unil.ch\/blog-dl\/wp-json\/wp\/v2\/types\/post"}],"author":[{"embeddable":true,"href":"https:\/\/enseigner.unil.ch\/blog-dl\/wp-json\/wp\/v2\/users\/2"}],"replies":[{"embeddable":true,"href":"https:\/\/enseigner.unil.ch\/blog-dl\/wp-json\/wp\/v2\/comments?post=448"}],"version-history":[{"count":1,"href":"https:\/\/enseigner.unil.ch\/blog-dl\/wp-json\/wp\/v2\/posts\/448\/revisions"}],"predecessor-version":[{"id":457,"href":"https:\/\/enseigner.unil.ch\/blog-dl\/wp-json\/wp\/v2\/posts\/448\/revisions\/457"}],"wp:featuredmedia":[{"embeddable":true,"href":"https:\/\/enseigner.unil.ch\/blog-dl\/wp-json\/wp\/v2\/media\/451"}],"wp:attachment":[{"href":"https:\/\/enseigner.unil.ch\/blog-dl\/wp-json\/wp\/v2\/media?parent=448"}],"wp:term":[{"taxonomy":"category","embeddable":true,"href":"https:\/\/enseigner.unil.ch\/blog-dl\/wp-json\/wp\/v2\/categories?post=448"},{"taxonomy":"post_tag","embeddable":true,"href":"https:\/\/enseigner.unil.ch\/blog-dl\/wp-json\/wp\/v2\/tags?post=448"}],"curies":[{"name":"wp","href":"https:\/\/api.w.org\/{rel}","templated":true}]}}