{"id":498,"date":"2025-11-27T11:29:57","date_gmt":"2025-11-27T10:29:57","guid":{"rendered":"https:\/\/enseigner.unil.ch\/blog-dl\/?p=498"},"modified":"2025-11-27T11:29:57","modified_gmt":"2025-11-27T10:29:57","slug":"lenseignement-superieur-a-lhorizon-2035-le-rapport-educause-anticipe-quatre-futurs-possibles","status":"publish","type":"post","link":"https:\/\/enseigner.unil.ch\/blog-dl\/lenseignement-superieur-a-lhorizon-2035-le-rapport-educause-anticipe-quatre-futurs-possibles\/","title":{"rendered":"L&rsquo;enseignement sup\u00e9rieur \u00e0 l&rsquo;horizon 2035 : Le rapport EDUCAUSE anticipe quatre futurs possibles"},"content":{"rendered":"\n<h3 class=\"wp-block-heading\">Les institutions acad\u00e9miques confront\u00e9es \u00e0 une convergence sans pr\u00e9c\u00e9dent de crises et d&rsquo;innovations technologiques<\/h3>\n\n\n\n<p><strong>Le rapport Horizon 2025 d&rsquo;EDUCAUSE<\/strong> r\u00e9v\u00e8le un diagnostic alarmant : l&rsquo;enseignement sup\u00e9rieur traverse une p\u00e9riode de mutations profondes o\u00f9 convergent instabilit\u00e9 climatique, bouleversements \u00e9conomiques, r\u00e9volution de l&rsquo;intelligence artificielle et reconfigurations politiques majeures. Cette convergence de crises \u2013 qualifi\u00e9e de \u00ab polycrises \u00bb \u2013 ne permet plus aux institutions d&rsquo;\u00e9voluer progressivement. L&rsquo;adaptation rapide devient une n\u00e9cessit\u00e9 existentielle.<\/p>\n\n\n\n<p>\u00c9labor\u00e9 selon une m\u00e9thodologie Delphi modifi\u00e9e par un panel international d&rsquo;expert\u00b7e\u00b7s, ce document prospectif identifie quinze tendances majeures, six technologies et pratiques prioritaires, et propose quatre sc\u00e9narios contrast\u00e9s pour 2035. Son message central : les choix strat\u00e9giques d&rsquo;aujourd&rsquo;hui d\u00e9termineront radicalement le paysage \u00e9ducatif de demain.<\/p>\n\n\n\n<h2 class=\"wp-block-heading\">Les polycrises red\u00e9finissent l&rsquo;environnement acad\u00e9mique<\/h2>\n\n\n\n<h4 class=\"wp-block-heading\">Une complexit\u00e9 croissante qui exige de nouveaux cadres de gestion<\/h4>\n\n\n\n<p>Les \u00ab polycrises \u00bb \u2013 situations o\u00f9 plusieurs crises se chevauchent et s&rsquo;intensifient mutuellement \u2013 constituent d\u00e9sormais la norme plut\u00f4t que l&rsquo;exception. Instabilit\u00e9 \u00e9conomique, menaces cybers\u00e9curitaires, \u00e9v\u00e9nements climatiques extr\u00eames, \u00e9rosion de la coh\u00e9sion sociale : ces d\u00e9fis convergents obligent les institutions \u00e0 d\u00e9velopper des approches de gestion holistiques et int\u00e9gr\u00e9es.<\/p>\n\n\n\n<p>Cette complexit\u00e9 affecte diff\u00e9remment les parties prenantes. Les \u00e9tudiant\u00b7e\u00b7s subissent des perturbations dans leur apprentissage et font face \u00e0 des d\u00e9fis accrus de sant\u00e9 mentale, avec un impact disproportionn\u00e9 sur les groupes marginalis\u00e9s. Le personnel enseignant et administratif n\u00e9cessite des formations en r\u00e9ponse aux crises et des m\u00e9thodes p\u00e9dagogiques adaptables. Les institutions doivent d\u00e9velopper des cadres complets de gestion de crise et s\u00e9curiser des financements pour soutenir la pr\u00e9vention et la gestion.<\/p>\n\n\n\n<h4 class=\"wp-block-heading\">L&rsquo;inclusivit\u00e9 menac\u00e9e par les d\u00e9cisions politiques<\/h4>\n\n\n\n<p>Paradoxalement, alors que 70% des pays int\u00e9grant l&rsquo;inclusion comme objectif majeur dans leurs plans nationaux pour l&rsquo;enseignement sup\u00e9rieur, certaines d\u00e9cisions gouvernementales r\u00e9centes \u2013 notamment aux \u00c9tats-Unis \u2013 compliquent ces efforts en r\u00e9duisant le soutien aux initiatives de diversit\u00e9, \u00e9quit\u00e9 et inclusion (DEI). Certaines institutions ferment des bureaux DEI, r\u00e9visent leurs curricula et retirent le vocabulaire DEI de leurs communications publiques.<\/p>\n\n\n\n<p>Ces changements impactent les \u00e9tudiant\u00b7e\u00b7s, le corps enseignant et l&rsquo;administration en r\u00e9duisant les syst\u00e8mes de soutien, cr\u00e9ant de l&rsquo;incertitude professionnelle, et for\u00e7ant les institutions \u00e0 modifier leurs politiques tout en cherchant des voies alternatives pour promouvoir l&rsquo;inclusivit\u00e9.<\/p>\n\n\n\n<h4 class=\"wp-block-heading\">La technologie modifie la cognition des \u00e9tudiant\u00b7e\u00b7s<\/h4>\n\n\n\n<p>L&rsquo;usage intensif des technologies num\u00e9riques, notamment des smartphones, des r\u00e9seaux sociaux et d\u00e9sormais de l&rsquo;IA, transforme les capacit\u00e9s cognitives des \u00e9tudiant\u00b7e\u00b7s. Certaines recherches montrent que cette utilisation fr\u00e9quente peut raccourcir les dur\u00e9es d&rsquo;attention, r\u00e9duire la m\u00e9morisation et causer une surcharge cognitive. Chaque nouvelle g\u00e9n\u00e9ration \u00e9tant plus d\u00e9pendante des technologies num\u00e9riques, les institutions doivent se pr\u00e9parer \u00e0 accueillir des cohortes aux styles de pens\u00e9e et d&rsquo;apprentissage diff\u00e9rents.<\/p>\n\n\n\n<p>Cette transformation n\u00e9cessite des investissements substantiels dans de nouveaux outils et ressources \u2013 plateformes d&rsquo;apprentissage aliment\u00e9es par IA, technologies immersives comme la r\u00e9alit\u00e9 virtuelle, espaces de travail num\u00e9riques collaboratifs \u2013 ainsi que des programmes de d\u00e9veloppement professionnel pour \u00e9quiper les enseignant\u00b7e\u00b7s.<\/p>\n\n\n\n<figure class=\"wp-block-image size-full\"><img loading=\"lazy\" decoding=\"async\" width=\"2232\" height=\"1296\" src=\"https:\/\/enseigner.unil.ch\/blog-dl\/wp-content\/uploads\/2025\/11\/Lenseignement-superieur-a-lhorizon-2035-_-Le-rapport-EDUCAUSE-anticipe-quatre-futurs-possibles-visual-selection.jpeg\" alt=\"\" class=\"wp-image-501\" srcset=\"https:\/\/enseigner.unil.ch\/blog-dl\/wp-content\/uploads\/2025\/11\/Lenseignement-superieur-a-lhorizon-2035-_-Le-rapport-EDUCAUSE-anticipe-quatre-futurs-possibles-visual-selection.jpeg 2232w, https:\/\/enseigner.unil.ch\/blog-dl\/wp-content\/uploads\/2025\/11\/Lenseignement-superieur-a-lhorizon-2035-_-Le-rapport-EDUCAUSE-anticipe-quatre-futurs-possibles-visual-selection-300x174.jpeg 300w, https:\/\/enseigner.unil.ch\/blog-dl\/wp-content\/uploads\/2025\/11\/Lenseignement-superieur-a-lhorizon-2035-_-Le-rapport-EDUCAUSE-anticipe-quatre-futurs-possibles-visual-selection-1024x595.jpeg 1024w, https:\/\/enseigner.unil.ch\/blog-dl\/wp-content\/uploads\/2025\/11\/Lenseignement-superieur-a-lhorizon-2035-_-Le-rapport-EDUCAUSE-anticipe-quatre-futurs-possibles-visual-selection-768x446.jpeg 768w, https:\/\/enseigner.unil.ch\/blog-dl\/wp-content\/uploads\/2025\/11\/Lenseignement-superieur-a-lhorizon-2035-_-Le-rapport-EDUCAUSE-anticipe-quatre-futurs-possibles-visual-selection-1536x892.jpeg 1536w, https:\/\/enseigner.unil.ch\/blog-dl\/wp-content\/uploads\/2025\/11\/Lenseignement-superieur-a-lhorizon-2035-_-Le-rapport-EDUCAUSE-anticipe-quatre-futurs-possibles-visual-selection-2048x1189.jpeg 2048w\" sizes=\"auto, (max-width: 2232px) 100vw, 2232px\" \/><\/figure>\n\n\n\n<h3 class=\"wp-block-heading\">Les technologies \u00e9mergentes : opportunit\u00e9s et d\u00e9fis<\/h3>\n\n\n\n<h4 class=\"wp-block-heading\">L&rsquo;IA g\u00e9n\u00e9rative impose une r\u00e9invention p\u00e9dagogique<\/h4>\n\n\n\n<p>L&rsquo;intelligence artificielle demeure au c\u0153ur des transformations. Les outils d&rsquo;IA ont le potentiel de r\u00e9volutionner l&rsquo;enseignement sup\u00e9rieur : l&rsquo;IA agentique pourrait cr\u00e9er des tuteur\u00b7rice\u00b7s personnalis\u00e9\u00b7e\u00b7s, des assistant\u00b7e\u00b7s p\u00e9dagogiques et des agent\u00b7e\u00b7s de service de premi\u00e8re ligne. Ces technologies pourraient enfin permettre de personnaliser l&rsquo;apprentissage \u00e0 grande \u00e9chelle, d\u00e9passant le mod\u00e8le unique qui r\u00e9sulte souvent de la massification.<\/p>\n\n\n\n<p>Cependant, deux conversations parall\u00e8les animent la communaut\u00e9 enseignante. Premi\u00e8rement : comment exploiter ces outils pour am\u00e9liorer les pratiques p\u00e9dagogiques et l&rsquo;exp\u00e9rience d&rsquo;apprentissage ? Deuxi\u00e8mement : comment enseigner aux \u00e9tudiant\u00b7e\u00b7s \u00e0 utiliser ces outils de mani\u00e8re responsable ? Il est crucial de ne pas confondre ces questions. M\u00eame si certain\u00b7e\u00b7s professionnel\u00b7le\u00b7s ou institutions d\u00e9cident de ne pas utiliser l&rsquo;IA pour enseigner, tou\u00b7te\u00b7s ont la responsabilit\u00e9 de former les \u00e9tudiant\u00b7e\u00b7s \u00e0 ces technologies devenues omnipr\u00e9sentes.<\/p>\n\n\n\n<h4 class=\"wp-block-heading\">La gouvernance de l&rsquo;IA : un pr\u00e9requis n\u00e9glig\u00e9<\/h4>\n\n\n\n<p>La gouvernance de l&rsquo;IA constitue un pr\u00e9requis essentiel mais souvent sous-estim\u00e9. Elle comprend les processus, politiques et objectifs associ\u00e9s \u00e0 la technologie, permettant d&rsquo;assurer que le corps enseignant, le personnel administratif et les \u00e9tudiant\u00b7e\u00b7s utilisent les outils d&rsquo;IA de mani\u00e8re \u00e9thique et responsable, tout en att\u00e9nuant les nombreux risques associ\u00e9s.<\/p>\n\n\n\n<p>Sans gouvernance effective int\u00e9gr\u00e9e aux structures existantes, toute tentative d&rsquo;int\u00e9gration d&rsquo;outils d&rsquo;IA devient une entreprise risqu\u00e9e o\u00f9 les dangers potentiels d\u00e9passent largement les b\u00e9n\u00e9fices. Les institutions doivent cr\u00e9er des cadres flexibles qui \u00e9tablissent des attentes claires tout en permettant l&rsquo;innovation et l&rsquo;adaptation aux diff\u00e9rences disciplinaires et \u00e0 l&rsquo;autonomie professorale.<\/p>\n\n\n\n<h4 class=\"wp-block-heading\">La r\u00e9alit\u00e9 virtuelle devient accessible<\/h4>\n\n\n\n<p>Les outils de r\u00e9alit\u00e9 virtuelle deviennent simultan\u00e9ment plus avanc\u00e9s et plus abordables. Les r\u00e9centes am\u00e9liorations \u2013 \u00e9crans haute r\u00e9solution, audio spatial am\u00e9lior\u00e9, suivi oculaire et manuel perfectionn\u00e9, processeurs plus efficaces \u2013 offrent aux \u00e9ducateur\u00b7rice\u00b7s de nouvelles opportunit\u00e9s d&rsquo;int\u00e9grer la VR dans l&rsquo;enseignement, la recherche et l&rsquo;engagement \u00e9tudiant.<\/p>\n\n\n\n<p>Ces technologies peuvent simuler des environnements r\u00e9els, permettant aux \u00e9tudiant\u00b7e\u00b7s de d\u00e9velopper des comp\u00e9tences pratiques et professionnelles dans un cadre s\u00fbr et contr\u00f4l\u00e9. Cette approche s&rsquo;av\u00e8re particuli\u00e8rement pertinente dans les domaines de la sant\u00e9, de l&rsquo;ing\u00e9nierie et des m\u00e9tiers techniques. Les outils VR peuvent \u00e9galement favoriser des environnements accessibles et inclusifs accommodant divers styles d&rsquo;apprentissage, langues et capacit\u00e9s.<\/p>\n\n\n\n<figure class=\"wp-block-image size-large\"><img loading=\"lazy\" decoding=\"async\" width=\"1024\" height=\"780\" src=\"https:\/\/enseigner.unil.ch\/blog-dl\/wp-content\/uploads\/2025\/11\/Lenseignement-superieur-a-lhorizon-2035-_-Le-rapport-EDUCAUSE-anticipe-quatre-futurs-possibles-visual-selection1-1024x780.jpeg\" alt=\"\" class=\"wp-image-502\" srcset=\"https:\/\/enseigner.unil.ch\/blog-dl\/wp-content\/uploads\/2025\/11\/Lenseignement-superieur-a-lhorizon-2035-_-Le-rapport-EDUCAUSE-anticipe-quatre-futurs-possibles-visual-selection1-1024x780.jpeg 1024w, https:\/\/enseigner.unil.ch\/blog-dl\/wp-content\/uploads\/2025\/11\/Lenseignement-superieur-a-lhorizon-2035-_-Le-rapport-EDUCAUSE-anticipe-quatre-futurs-possibles-visual-selection1-300x228.jpeg 300w, https:\/\/enseigner.unil.ch\/blog-dl\/wp-content\/uploads\/2025\/11\/Lenseignement-superieur-a-lhorizon-2035-_-Le-rapport-EDUCAUSE-anticipe-quatre-futurs-possibles-visual-selection1-768x585.jpeg 768w, https:\/\/enseigner.unil.ch\/blog-dl\/wp-content\/uploads\/2025\/11\/Lenseignement-superieur-a-lhorizon-2035-_-Le-rapport-EDUCAUSE-anticipe-quatre-futurs-possibles-visual-selection1-1536x1170.jpeg 1536w, https:\/\/enseigner.unil.ch\/blog-dl\/wp-content\/uploads\/2025\/11\/Lenseignement-superieur-a-lhorizon-2035-_-Le-rapport-EDUCAUSE-anticipe-quatre-futurs-possibles-visual-selection1-2048x1560.jpeg 2048w\" sizes=\"auto, (max-width: 1024px) 100vw, 1024px\" \/><\/figure>\n\n\n\n<h3 class=\"wp-block-heading\">Six priorit\u00e9s strat\u00e9giques pour les professionnel\u00b7le\u00b7s<\/h3>\n\n\n\n<p>Le rapport identifie six technologies et pratiques essentielles n\u00e9cessitant une attention imm\u00e9diate :<\/p>\n\n\n\n<p><strong>1. Outils d&rsquo;IA pour l&rsquo;enseignement et l&rsquo;apprentissage<\/strong> : D\u00e9velopper sa propre litt\u00e9ratie en IA, cr\u00e9er des politiques transparentes, offrir des opportunit\u00e9s d&rsquo;exp\u00e9rimentation, assurer un acc\u00e8s \u00e9quitable, et tester r\u00e9guli\u00e8rement l&rsquo;efficacit\u00e9 et l&rsquo;exactitude des outils.<\/p>\n\n\n\n<p><strong>2. D\u00e9veloppement professionnel pour l&rsquo;IA g\u00e9n\u00e9rative<\/strong> : Cultiver la curiosit\u00e9, participer \u00e0 des formations asynchrones et disciplinaires, comparer divers outils, dialoguer avec les \u00e9tudiant\u00b7e\u00b7s, et rejoindre des communaut\u00e9s de pratique.<\/p>\n\n\n\n<p><strong>3. Gouvernance de l&rsquo;IA<\/strong> : Inclure les professionnel\u00b7le\u00b7s de l&rsquo;enseignement dans la cr\u00e9ation des politiques, rendre la gouvernance visible et accessible, cr\u00e9er des mod\u00e8les de langage pour les syllabus, et maintenir un enseignement centr\u00e9 sur l&rsquo;humain.<\/p>\n\n\n\n<p><strong>4. Renforcement de la cybers\u00e9curit\u00e9<\/strong> : Adh\u00e9rer aux politiques institutionnelles, se familiariser avec les lois sur les donn\u00e9es \u00e9tudiantes, sensibiliser les \u00e9tudiant\u00b7e\u00b7s, participer aux formations, et collaborer avec les professionnel\u00b7le\u00b7s de la cybers\u00e9curit\u00e9.<\/p>\n\n\n\n<p><strong>5. \u00c9volution des pratiques p\u00e9dagogiques<\/strong> : Maintenir la connexion enseignant\u00b7e-\u00e9tudiant\u00b7e au centre, faire \u00e9voluer les \u00e9valuations, se pr\u00e9parer \u00e0 un corps \u00e9tudiant diversifi\u00e9, favoriser une culture institutionnelle valorisant le bon enseignement.<\/p>\n\n\n\n<p><strong>6. Litt\u00e9ratie num\u00e9rique critique<\/strong> : D\u00e9velopper sa propre litt\u00e9ratie, int\u00e9grer cette comp\u00e9tence dans le curriculum, promouvoir la sensibilisation aux donn\u00e9es, et collaborer avec les biblioth\u00e9caires.<\/p>\n\n\n\n<figure class=\"wp-block-image size-large\"><img loading=\"lazy\" decoding=\"async\" width=\"1024\" height=\"1017\" src=\"https:\/\/enseigner.unil.ch\/blog-dl\/wp-content\/uploads\/2025\/11\/Lenseignement-superieur-a-lhorizon-2035-_-Le-rapport-EDUCAUSE-anticipe-quatre-futurs-possibles-visual-selection2-1024x1017.jpeg\" alt=\"\" class=\"wp-image-503\" srcset=\"https:\/\/enseigner.unil.ch\/blog-dl\/wp-content\/uploads\/2025\/11\/Lenseignement-superieur-a-lhorizon-2035-_-Le-rapport-EDUCAUSE-anticipe-quatre-futurs-possibles-visual-selection2-1024x1017.jpeg 1024w, https:\/\/enseigner.unil.ch\/blog-dl\/wp-content\/uploads\/2025\/11\/Lenseignement-superieur-a-lhorizon-2035-_-Le-rapport-EDUCAUSE-anticipe-quatre-futurs-possibles-visual-selection2-300x298.jpeg 300w, https:\/\/enseigner.unil.ch\/blog-dl\/wp-content\/uploads\/2025\/11\/Lenseignement-superieur-a-lhorizon-2035-_-Le-rapport-EDUCAUSE-anticipe-quatre-futurs-possibles-visual-selection2-150x150.jpeg 150w, https:\/\/enseigner.unil.ch\/blog-dl\/wp-content\/uploads\/2025\/11\/Lenseignement-superieur-a-lhorizon-2035-_-Le-rapport-EDUCAUSE-anticipe-quatre-futurs-possibles-visual-selection2-768x763.jpeg 768w, https:\/\/enseigner.unil.ch\/blog-dl\/wp-content\/uploads\/2025\/11\/Lenseignement-superieur-a-lhorizon-2035-_-Le-rapport-EDUCAUSE-anticipe-quatre-futurs-possibles-visual-selection2-1536x1525.jpeg 1536w, https:\/\/enseigner.unil.ch\/blog-dl\/wp-content\/uploads\/2025\/11\/Lenseignement-superieur-a-lhorizon-2035-_-Le-rapport-EDUCAUSE-anticipe-quatre-futurs-possibles-visual-selection2-2048x2034.jpeg 2048w\" sizes=\"auto, (max-width: 1024px) 100vw, 1024px\" \/><\/figure>\n\n\n\n<h3 class=\"wp-block-heading\">Quatre futurs possibles \u00e0 l&rsquo;horizon 2035<\/h3>\n\n\n\n<p>Le rapport propose quatre sc\u00e9narios prospectifs contrast\u00e9s, chacun repr\u00e9sentant une trajectoire plausible mais distincte :<\/p>\n\n\n\n<p><strong>Croissance<\/strong> : Les avanc\u00e9es en IA et VR cr\u00e9ent des \u00e9cosyst\u00e8mes hyper-personnalis\u00e9s avec une forte adoption de gouvernance \u00e9thique. Cependant, les institutions mieux dot\u00e9es adoptent des infrastructures de pointe tandis que d&rsquo;autres peinent \u00e0 suivre, \u00e9largissant les \u00e9carts institutionnels.<\/p>\n\n\n\n<p><strong>Contrainte<\/strong> : Le financement public devient conditionnel \u00e0 des r\u00e9gulations de \u00ab\u00a0contr\u00f4le qualit\u00e9\u00a0\u00bb obligatoires utilisant des syst\u00e8mes pr\u00e9dictifs aliment\u00e9s par IA. Bien que pr\u00e9cis, ces syst\u00e8mes soul\u00e8vent des pr\u00e9occupations concernant la vie priv\u00e9e, la s\u00e9curit\u00e9 et les biais, limitant l&rsquo;acc\u00e8s \u00e0 l&rsquo;enseignement sup\u00e9rieur.<\/p>\n\n\n\n<p><strong>Effondrement<\/strong> : L&rsquo;usage omnipr\u00e9sent d&rsquo;IA gratuite, combin\u00e9 au manque de litt\u00e9ratie critique et \u00e0 la prolif\u00e9ration de contenus g\u00e9n\u00e9r\u00e9s consid\u00e9r\u00e9s comme \u00ab\u00a0faits\u00a0\u00bb, rend impossible la v\u00e9rification de l&rsquo;exactitude. L&rsquo;identit\u00e9 fondamentale des institutions comme contributrices de confiance et de g\u00e9n\u00e9ration de connaissances s&rsquo;\u00e9rode.<\/p>\n\n\n\n<p><strong>Transformation<\/strong> : La pr\u00e9paration \u00e0 l&#8217;emploi devient le moteur principal, entra\u00eenant la fermeture de programmes d&rsquo;arts lib\u00e9raux. Les partenariats intersectoriels deviennent critiques, mais les dipl\u00f4m\u00e9\u00b7e\u00b7s manquent souvent de comp\u00e9tences interpersonnelles et d&rsquo;intelligence sociale essentielles au leadership.<\/p>\n\n\n\n<figure class=\"wp-block-image size-large\"><img loading=\"lazy\" decoding=\"async\" width=\"1024\" height=\"835\" src=\"https:\/\/enseigner.unil.ch\/blog-dl\/wp-content\/uploads\/2025\/11\/Lenseignement-superieur-a-lhorizon-2035-_-Le-rapport-EDUCAUSE-anticipe-quatre-futurs-possibles-visual-selection3-1024x835.jpeg\" alt=\"\" class=\"wp-image-504\" srcset=\"https:\/\/enseigner.unil.ch\/blog-dl\/wp-content\/uploads\/2025\/11\/Lenseignement-superieur-a-lhorizon-2035-_-Le-rapport-EDUCAUSE-anticipe-quatre-futurs-possibles-visual-selection3-1024x835.jpeg 1024w, https:\/\/enseigner.unil.ch\/blog-dl\/wp-content\/uploads\/2025\/11\/Lenseignement-superieur-a-lhorizon-2035-_-Le-rapport-EDUCAUSE-anticipe-quatre-futurs-possibles-visual-selection3-300x245.jpeg 300w, https:\/\/enseigner.unil.ch\/blog-dl\/wp-content\/uploads\/2025\/11\/Lenseignement-superieur-a-lhorizon-2035-_-Le-rapport-EDUCAUSE-anticipe-quatre-futurs-possibles-visual-selection3-768x626.jpeg 768w, https:\/\/enseigner.unil.ch\/blog-dl\/wp-content\/uploads\/2025\/11\/Lenseignement-superieur-a-lhorizon-2035-_-Le-rapport-EDUCAUSE-anticipe-quatre-futurs-possibles-visual-selection3-1536x1253.jpeg 1536w, https:\/\/enseigner.unil.ch\/blog-dl\/wp-content\/uploads\/2025\/11\/Lenseignement-superieur-a-lhorizon-2035-_-Le-rapport-EDUCAUSE-anticipe-quatre-futurs-possibles-visual-selection3-2048x1670.jpeg 2048w\" sizes=\"auto, (max-width: 1024px) 100vw, 1024px\" \/><\/figure>\n\n\n\n<h3 class=\"wp-block-heading\">Recommandations strat\u00e9giques pour les institutions<\/h3>\n\n\n\n<p>Face \u00e0 ces transformations, les institutions doivent adopter plusieurs postures strat\u00e9giques. Premi\u00e8rement, investir massivement dans le d\u00e9veloppement professionnel continu des enseignant\u00b7e\u00b7s et du personnel administratif. Deuxi\u00e8mement, d\u00e9velopper des cadres de gouvernance flexibles mais robustes pour l&rsquo;int\u00e9gration technologique. Troisi\u00e8mement, maintenir r\u00e9solument l&rsquo;humain au centre des pratiques p\u00e9dagogiques malgr\u00e9 l&rsquo;automatisation croissante.<\/p>\n\n\n\n<p>Les choix d&rsquo;aujourd&rsquo;hui d\u00e9termineront quel sc\u00e9nario se r\u00e9alisera. Le rapport souligne que l&rsquo;avenir n&rsquo;est pas pr\u00e9d\u00e9termin\u00e9 : il sera fa\u00e7onn\u00e9 par les d\u00e9cisions strat\u00e9giques, les investissements prioritaires et les valeurs que la communaut\u00e9 acad\u00e9mique choisira de pr\u00e9server face aux d\u00e9fis convergents de notre \u00e9poque.<\/p>\n\n\n\n<p><strong><em>R\u00e9sum\u00e9 produit en collaboration avec Claude AI et illustrations r\u00e9alis\u00e9es avec Napkin Ai<\/em><\/strong><\/p>\n\n\n\n<p><\/p>\n","protected":false},"excerpt":{"rendered":"<p>Les institutions acad\u00e9miques confront\u00e9es \u00e0 une convergence sans pr\u00e9c\u00e9dent de crises et d&rsquo;innovations technologiques Le rapport Horizon 2025 d&rsquo;EDUCAUSE r\u00e9v\u00e8le un diagnostic alarmant : l&rsquo;enseignement sup\u00e9rieur traverse une p\u00e9riode de mutations profondes o\u00f9 convergent instabilit\u00e9 climatique, bouleversements \u00e9conomiques, r\u00e9volution de l&rsquo;intelligence artificielle et reconfigurations politiques majeures. Cette convergence de crises \u2013 qualifi\u00e9e de \u00ab polycrises [&hellip;]<\/p>\n","protected":false},"author":2,"featured_media":499,"comment_status":"closed","ping_status":"open","sticky":false,"template":"","format":"standard","meta":{"_uag_custom_page_level_css":"","advgb_blocks_editor_width":"","advgb_blocks_columns_visual_guide":"","footnotes":""},"categories":[3],"tags":[],"class_list":["post-498","post","type-post","status-publish","format-standard","has-post-thumbnail","hentry","category-cles-de-lecture"],"author_meta":{"display_name":"Jean-Fran\u00e7ois Van de Po\u00ebl","author_link":"https:\/\/enseigner.unil.ch\/blog-dl\/author\/jean-francois-vandepoelunil-ch\/"},"featured_img":"https:\/\/enseigner.unil.ch\/blog-dl\/wp-content\/uploads\/2025\/11\/2025-Horizon-Teaching-and-Learning-hero-for-web-hub-300x169.png","uagb_featured_image_src":{"full":["https:\/\/enseigner.unil.ch\/blog-dl\/wp-content\/uploads\/2025\/11\/2025-Horizon-Teaching-and-Learning-hero-for-web-hub.png",734,413,false],"thumbnail":["https:\/\/enseigner.unil.ch\/blog-dl\/wp-content\/uploads\/2025\/11\/2025-Horizon-Teaching-and-Learning-hero-for-web-hub-150x150.png",150,150,true],"medium":["https:\/\/enseigner.unil.ch\/blog-dl\/wp-content\/uploads\/2025\/11\/2025-Horizon-Teaching-and-Learning-hero-for-web-hub-300x169.png",300,169,true],"medium_large":["https:\/\/enseigner.unil.ch\/blog-dl\/wp-content\/uploads\/2025\/11\/2025-Horizon-Teaching-and-Learning-hero-for-web-hub.png",734,413,false],"large":["https:\/\/enseigner.unil.ch\/blog-dl\/wp-content\/uploads\/2025\/11\/2025-Horizon-Teaching-and-Learning-hero-for-web-hub.png",734,413,false],"1536x1536":["https:\/\/enseigner.unil.ch\/blog-dl\/wp-content\/uploads\/2025\/11\/2025-Horizon-Teaching-and-Learning-hero-for-web-hub.png",734,413,false],"2048x2048":["https:\/\/enseigner.unil.ch\/blog-dl\/wp-content\/uploads\/2025\/11\/2025-Horizon-Teaching-and-Learning-hero-for-web-hub.png",734,413,false]},"uagb_author_info":{"display_name":"Jean-Fran\u00e7ois Van de Po\u00ebl","author_link":"https:\/\/enseigner.unil.ch\/blog-dl\/author\/jean-francois-vandepoelunil-ch\/"},"uagb_comment_info":0,"uagb_excerpt":"Les institutions acad\u00e9miques confront\u00e9es \u00e0 une convergence sans pr\u00e9c\u00e9dent de crises et d&rsquo;innovations technologiques Le rapport Horizon 2025 d&rsquo;EDUCAUSE r\u00e9v\u00e8le un diagnostic alarmant : l&rsquo;enseignement sup\u00e9rieur traverse une p\u00e9riode de mutations profondes o\u00f9 convergent instabilit\u00e9 climatique, bouleversements \u00e9conomiques, r\u00e9volution de l&rsquo;intelligence artificielle et reconfigurations politiques majeures. Cette convergence de crises \u2013 qualifi\u00e9e de \u00ab polycrises\u2026","coauthors":[],"tax_additional":{"categories":{"linked":["<a href=\"https:\/\/enseigner.unil.ch\/blog-dl\/category\/cles-de-lecture\/\" class=\"advgb-post-tax-term\">Cl\u00e9s de lecture<\/a>"],"unlinked":["<span class=\"advgb-post-tax-term\">Cl\u00e9s de lecture<\/span>"]}},"comment_count":"0","relative_dates":{"created":"Publi\u00e9 5 mois il y a","modified":"Mis \u00e0 jour 5 mois il y a"},"absolute_dates":{"created":"Publi\u00e9 le 27 novembre 2025","modified":"Mise \u00e0 jour le 27 novembre 2025"},"absolute_dates_time":{"created":"Publi\u00e9 le 27 novembre 2025 11h29","modified":"Mise \u00e0 jour le 27 novembre 2025 11h29"},"featured_img_caption":"","series_order":"","_links":{"self":[{"href":"https:\/\/enseigner.unil.ch\/blog-dl\/wp-json\/wp\/v2\/posts\/498","targetHints":{"allow":["GET"]}}],"collection":[{"href":"https:\/\/enseigner.unil.ch\/blog-dl\/wp-json\/wp\/v2\/posts"}],"about":[{"href":"https:\/\/enseigner.unil.ch\/blog-dl\/wp-json\/wp\/v2\/types\/post"}],"author":[{"embeddable":true,"href":"https:\/\/enseigner.unil.ch\/blog-dl\/wp-json\/wp\/v2\/users\/2"}],"replies":[{"embeddable":true,"href":"https:\/\/enseigner.unil.ch\/blog-dl\/wp-json\/wp\/v2\/comments?post=498"}],"version-history":[{"count":1,"href":"https:\/\/enseigner.unil.ch\/blog-dl\/wp-json\/wp\/v2\/posts\/498\/revisions"}],"predecessor-version":[{"id":505,"href":"https:\/\/enseigner.unil.ch\/blog-dl\/wp-json\/wp\/v2\/posts\/498\/revisions\/505"}],"wp:featuredmedia":[{"embeddable":true,"href":"https:\/\/enseigner.unil.ch\/blog-dl\/wp-json\/wp\/v2\/media\/499"}],"wp:attachment":[{"href":"https:\/\/enseigner.unil.ch\/blog-dl\/wp-json\/wp\/v2\/media?parent=498"}],"wp:term":[{"taxonomy":"category","embeddable":true,"href":"https:\/\/enseigner.unil.ch\/blog-dl\/wp-json\/wp\/v2\/categories?post=498"},{"taxonomy":"post_tag","embeddable":true,"href":"https:\/\/enseigner.unil.ch\/blog-dl\/wp-json\/wp\/v2\/tags?post=498"}],"curies":[{"name":"wp","href":"https:\/\/api.w.org\/{rel}","templated":true}]}}