{"id":506,"date":"2025-11-27T11:43:31","date_gmt":"2025-11-27T10:43:31","guid":{"rendered":"https:\/\/enseigner.unil.ch\/blog-dl\/?p=506"},"modified":"2025-11-27T11:43:31","modified_gmt":"2025-11-27T10:43:31","slug":"conference-eden-2026","status":"publish","type":"post","link":"https:\/\/enseigner.unil.ch\/blog-dl\/conference-eden-2026\/","title":{"rendered":"Conf\u00e9rence EDEN 2026"},"content":{"rendered":"\n<p>La conf\u00e9rence EDEN 2026 explorera comment la collaboration humain-IA red\u00e9finit l\u2019apprentissage et l\u2019enseignement au-del\u00e0 de la technologie. <br>Accueilli par l\u2019Universit\u00e9 de Porto, l\u2019\u00e9v\u00e9nement met l\u2019accent sur les dimensions humaines, socio-\u00e9motionnelles et culturelles de l\u2019innovation \u00e9ducative. <br>Les participants examineront comment l\u2019IA peut amplifier la cr\u00e9ativit\u00e9, l\u2019inclusion et la connexion, sans remplacer l\u2019humain. Les th\u00e8mes cl\u00e9s incluent la transformation institutionnelle, les p\u00e9dagogies relationnelles, le bien-\u00eatre, l\u2019\u00e9thique, la confiance et l\u2019int\u00e9grit\u00e9 acad\u00e9mique. <br>L\u2019agentivit\u00e9 \u00e9tudiante, l\u2019engagement, ainsi que les innovations en recherche et en \u00e9valuation seront \u00e9galement abord\u00e9s. <\/p>\n\n\n\n<p>La conf\u00e9rence sera organis\u00e9e \u00e0 Porto du 14 au 16 juin 2026.<\/p>\n\n\n\n<p>Toutes informations sont disponibles ici : <a href=\"https:\/\/eden-europe.eu\/event\/eden-2026-annual-conference\/\">https:\/\/eden-europe.eu\/event\/eden-2026-annual-conference\/<\/a><\/p>\n\n\n\n<p><\/p>\n","protected":false},"excerpt":{"rendered":"<p>La conf\u00e9rence EDEN 2026 explorera comment la collaboration humain-IA red\u00e9finit l\u2019apprentissage et l\u2019enseignement au-del\u00e0 de la technologie. Accueilli par l\u2019Universit\u00e9 de Porto, l\u2019\u00e9v\u00e9nement met l\u2019accent sur les dimensions humaines, socio-\u00e9motionnelles et culturelles de l\u2019innovation \u00e9ducative. Les participants examineront comment l\u2019IA peut amplifier la cr\u00e9ativit\u00e9, l\u2019inclusion et la connexion, sans remplacer l\u2019humain. Les th\u00e8mes cl\u00e9s incluent [&hellip;]<\/p>\n","protected":false},"author":2,"featured_media":507,"comment_status":"closed","ping_status":"open","sticky":false,"template":"","format":"standard","meta":{"_uag_custom_page_level_css":"","advgb_blocks_editor_width":"","advgb_blocks_columns_visual_guide":"","footnotes":""},"categories":[6],"tags":[],"class_list":["post-506","post","type-post","status-publish","format-standard","has-post-thumbnail","hentry","category-en-bref"],"author_meta":{"display_name":"Jean-Fran\u00e7ois Van de Po\u00ebl","author_link":"https:\/\/enseigner.unil.ch\/blog-dl\/author\/jean-francois-vandepoelunil-ch\/"},"featured_img":"https:\/\/enseigner.unil.ch\/blog-dl\/wp-content\/uploads\/2025\/11\/Capture-decran-2025-11-27-a-11.42.24-300x133.jpeg","uagb_featured_image_src":{"full":["https:\/\/enseigner.unil.ch\/blog-dl\/wp-content\/uploads\/2025\/11\/Capture-decran-2025-11-27-a-11.42.24.jpeg",1346,596,false],"thumbnail":["https:\/\/enseigner.unil.ch\/blog-dl\/wp-content\/uploads\/2025\/11\/Capture-decran-2025-11-27-a-11.42.24-150x150.jpeg",150,150,true],"medium":["https:\/\/enseigner.unil.ch\/blog-dl\/wp-content\/uploads\/2025\/11\/Capture-decran-2025-11-27-a-11.42.24-300x133.jpeg",300,133,true],"medium_large":["https:\/\/enseigner.unil.ch\/blog-dl\/wp-content\/uploads\/2025\/11\/Capture-decran-2025-11-27-a-11.42.24-768x340.jpeg",768,340,true],"large":["https:\/\/enseigner.unil.ch\/blog-dl\/wp-content\/uploads\/2025\/11\/Capture-decran-2025-11-27-a-11.42.24-1024x453.jpeg",1024,453,true],"1536x1536":["https:\/\/enseigner.unil.ch\/blog-dl\/wp-content\/uploads\/2025\/11\/Capture-decran-2025-11-27-a-11.42.24.jpeg",1346,596,false],"2048x2048":["https:\/\/enseigner.unil.ch\/blog-dl\/wp-content\/uploads\/2025\/11\/Capture-decran-2025-11-27-a-11.42.24.jpeg",1346,596,false]},"uagb_author_info":{"display_name":"Jean-Fran\u00e7ois Van de Po\u00ebl","author_link":"https:\/\/enseigner.unil.ch\/blog-dl\/author\/jean-francois-vandepoelunil-ch\/"},"uagb_comment_info":0,"uagb_excerpt":"La conf\u00e9rence EDEN 2026 explorera comment la collaboration humain-IA red\u00e9finit l\u2019apprentissage et l\u2019enseignement au-del\u00e0 de la technologie. Accueilli par l\u2019Universit\u00e9 de Porto, l\u2019\u00e9v\u00e9nement met l\u2019accent sur les dimensions humaines, socio-\u00e9motionnelles et culturelles de l\u2019innovation \u00e9ducative. Les participants examineront comment l\u2019IA peut amplifier la cr\u00e9ativit\u00e9, l\u2019inclusion et la connexion, sans remplacer l\u2019humain. Les th\u00e8mes cl\u00e9s incluent\u2026","coauthors":[],"tax_additional":{"categories":{"linked":["<a href=\"https:\/\/enseigner.unil.ch\/blog-dl\/category\/en-bref\/\" class=\"advgb-post-tax-term\">En bref<\/a>"],"unlinked":["<span class=\"advgb-post-tax-term\">En bref<\/span>"]}},"comment_count":"0","relative_dates":{"created":"Publi\u00e9 5 mois il y a","modified":"Mis \u00e0 jour 5 mois il y a"},"absolute_dates":{"created":"Publi\u00e9 le 27 novembre 2025","modified":"Mise \u00e0 jour le 27 novembre 2025"},"absolute_dates_time":{"created":"Publi\u00e9 le 27 novembre 2025 11h43","modified":"Mise \u00e0 jour le 27 novembre 2025 11h43"},"featured_img_caption":"Screenshot","series_order":"","_links":{"self":[{"href":"https:\/\/enseigner.unil.ch\/blog-dl\/wp-json\/wp\/v2\/posts\/506","targetHints":{"allow":["GET"]}}],"collection":[{"href":"https:\/\/enseigner.unil.ch\/blog-dl\/wp-json\/wp\/v2\/posts"}],"about":[{"href":"https:\/\/enseigner.unil.ch\/blog-dl\/wp-json\/wp\/v2\/types\/post"}],"author":[{"embeddable":true,"href":"https:\/\/enseigner.unil.ch\/blog-dl\/wp-json\/wp\/v2\/users\/2"}],"replies":[{"embeddable":true,"href":"https:\/\/enseigner.unil.ch\/blog-dl\/wp-json\/wp\/v2\/comments?post=506"}],"version-history":[{"count":1,"href":"https:\/\/enseigner.unil.ch\/blog-dl\/wp-json\/wp\/v2\/posts\/506\/revisions"}],"predecessor-version":[{"id":508,"href":"https:\/\/enseigner.unil.ch\/blog-dl\/wp-json\/wp\/v2\/posts\/506\/revisions\/508"}],"wp:featuredmedia":[{"embeddable":true,"href":"https:\/\/enseigner.unil.ch\/blog-dl\/wp-json\/wp\/v2\/media\/507"}],"wp:attachment":[{"href":"https:\/\/enseigner.unil.ch\/blog-dl\/wp-json\/wp\/v2\/media?parent=506"}],"wp:term":[{"taxonomy":"category","embeddable":true,"href":"https:\/\/enseigner.unil.ch\/blog-dl\/wp-json\/wp\/v2\/categories?post=506"},{"taxonomy":"post_tag","embeddable":true,"href":"https:\/\/enseigner.unil.ch\/blog-dl\/wp-json\/wp\/v2\/tags?post=506"}],"curies":[{"name":"wp","href":"https:\/\/api.w.org\/{rel}","templated":true}]}}