{"id":509,"date":"2025-11-27T11:48:35","date_gmt":"2025-11-27T10:48:35","guid":{"rendered":"https:\/\/enseigner.unil.ch\/blog-dl\/?p=509"},"modified":"2025-11-27T11:48:35","modified_gmt":"2025-11-27T10:48:35","slug":"un-espace-collaboratif-pour-innover-focus-sur-le-european-digital-education-hub","status":"publish","type":"post","link":"https:\/\/enseigner.unil.ch\/blog-dl\/un-espace-collaboratif-pour-innover-focus-sur-le-european-digital-education-hub\/","title":{"rendered":"Un espace collaboratif pour innover : focus sur le European Digital Education Hub"},"content":{"rendered":"\n<p>Le European Digital Education Hub est une communaut\u00e9 en ligne lanc\u00e9e en juin 2022 par l\u2019European Commission dans le cadre de son plan d\u2019action pour l\u2019\u00e9ducation num\u00e9rique. Son objectif ? <\/p>\n\n\n\n<p>Combattre la fragmentation de l\u2019\u00e9ducation digitale en Europe en r\u00e9unissant des enseignants, formateurs, chercheurs, politiques, institutions scolaires et experts, autour de la politique, la recherche et les pratiques p\u00e9dagogiques. <\/p>\n\n\n\n<p>L\u2019EDEH compte aujourd\u2019hui plus de 7 000 membres, organise des ateliers, webinaires et publications, et favorise le partage de bonnes pratiques et l\u2019innovation. Vous \u00eates int\u00e9ress\u00e9\u00b7e\u00b7s par l\u2019\u00e9ducation num\u00e9rique ? <\/p>\n\n\n\n<p>Rejoignez le Hub pour \u00e9changer, apprendre et contribuer \u00e0 b\u00e2tir l\u2019avenir de l\u2019\u00e9ducation en Europe !<\/p>\n\n\n\n<p>Toutes les informations sont disponibles ici : <a href=\"https:\/\/education.ec.europa.eu\/focus-topics\/digital-education\/action-plan\/european-digital-education-hub\">https:\/\/education.ec.europa.eu\/focus-topics\/digital-education\/action-plan\/european-digital-education-hub<\/a><\/p>\n","protected":false},"excerpt":{"rendered":"<p>Le European Digital Education Hub est une communaut\u00e9 en ligne lanc\u00e9e en juin 2022 par l\u2019European Commission dans le cadre de son plan d\u2019action pour l\u2019\u00e9ducation num\u00e9rique. Son objectif ? Combattre la fragmentation de l\u2019\u00e9ducation digitale en Europe en r\u00e9unissant des enseignants, formateurs, chercheurs, politiques, institutions scolaires et experts, autour de la politique, la recherche [&hellip;]<\/p>\n","protected":false},"author":2,"featured_media":510,"comment_status":"closed","ping_status":"open","sticky":false,"template":"","format":"standard","meta":{"_uag_custom_page_level_css":"","advgb_blocks_editor_width":"","advgb_blocks_columns_visual_guide":"","footnotes":""},"categories":[6],"tags":[],"class_list":["post-509","post","type-post","status-publish","format-standard","has-post-thumbnail","hentry","category-en-bref"],"author_meta":{"display_name":"Jean-Fran\u00e7ois Van de Po\u00ebl","author_link":"https:\/\/enseigner.unil.ch\/blog-dl\/author\/jean-francois-vandepoelunil-ch\/"},"featured_img":"https:\/\/enseigner.unil.ch\/blog-dl\/wp-content\/uploads\/2025\/11\/Capture-decran-2025-11-27-a-11.44.49-300x177.jpeg","uagb_featured_image_src":{"full":["https:\/\/enseigner.unil.ch\/blog-dl\/wp-content\/uploads\/2025\/11\/Capture-decran-2025-11-27-a-11.44.49.jpeg",1368,806,false],"thumbnail":["https:\/\/enseigner.unil.ch\/blog-dl\/wp-content\/uploads\/2025\/11\/Capture-decran-2025-11-27-a-11.44.49-150x150.jpeg",150,150,true],"medium":["https:\/\/enseigner.unil.ch\/blog-dl\/wp-content\/uploads\/2025\/11\/Capture-decran-2025-11-27-a-11.44.49-300x177.jpeg",300,177,true],"medium_large":["https:\/\/enseigner.unil.ch\/blog-dl\/wp-content\/uploads\/2025\/11\/Capture-decran-2025-11-27-a-11.44.49-768x452.jpeg",768,452,true],"large":["https:\/\/enseigner.unil.ch\/blog-dl\/wp-content\/uploads\/2025\/11\/Capture-decran-2025-11-27-a-11.44.49-1024x603.jpeg",1024,603,true],"1536x1536":["https:\/\/enseigner.unil.ch\/blog-dl\/wp-content\/uploads\/2025\/11\/Capture-decran-2025-11-27-a-11.44.49.jpeg",1368,806,false],"2048x2048":["https:\/\/enseigner.unil.ch\/blog-dl\/wp-content\/uploads\/2025\/11\/Capture-decran-2025-11-27-a-11.44.49.jpeg",1368,806,false]},"uagb_author_info":{"display_name":"Jean-Fran\u00e7ois Van de Po\u00ebl","author_link":"https:\/\/enseigner.unil.ch\/blog-dl\/author\/jean-francois-vandepoelunil-ch\/"},"uagb_comment_info":0,"uagb_excerpt":"Le European Digital Education Hub est une communaut\u00e9 en ligne lanc\u00e9e en juin 2022 par l\u2019European Commission dans le cadre de son plan d\u2019action pour l\u2019\u00e9ducation num\u00e9rique. Son objectif ? Combattre la fragmentation de l\u2019\u00e9ducation digitale en Europe en r\u00e9unissant des enseignants, formateurs, chercheurs, politiques, institutions scolaires et experts, autour de la politique, la recherche\u2026","coauthors":[],"tax_additional":{"categories":{"linked":["<a href=\"https:\/\/enseigner.unil.ch\/blog-dl\/category\/en-bref\/\" class=\"advgb-post-tax-term\">En bref<\/a>"],"unlinked":["<span class=\"advgb-post-tax-term\">En bref<\/span>"]}},"comment_count":"0","relative_dates":{"created":"Publi\u00e9 5 mois il y a","modified":"Mis \u00e0 jour 5 mois il y a"},"absolute_dates":{"created":"Publi\u00e9 le 27 novembre 2025","modified":"Mise \u00e0 jour le 27 novembre 2025"},"absolute_dates_time":{"created":"Publi\u00e9 le 27 novembre 2025 11h48","modified":"Mise \u00e0 jour le 27 novembre 2025 11h48"},"featured_img_caption":"Screenshot","series_order":"","_links":{"self":[{"href":"https:\/\/enseigner.unil.ch\/blog-dl\/wp-json\/wp\/v2\/posts\/509","targetHints":{"allow":["GET"]}}],"collection":[{"href":"https:\/\/enseigner.unil.ch\/blog-dl\/wp-json\/wp\/v2\/posts"}],"about":[{"href":"https:\/\/enseigner.unil.ch\/blog-dl\/wp-json\/wp\/v2\/types\/post"}],"author":[{"embeddable":true,"href":"https:\/\/enseigner.unil.ch\/blog-dl\/wp-json\/wp\/v2\/users\/2"}],"replies":[{"embeddable":true,"href":"https:\/\/enseigner.unil.ch\/blog-dl\/wp-json\/wp\/v2\/comments?post=509"}],"version-history":[{"count":1,"href":"https:\/\/enseigner.unil.ch\/blog-dl\/wp-json\/wp\/v2\/posts\/509\/revisions"}],"predecessor-version":[{"id":511,"href":"https:\/\/enseigner.unil.ch\/blog-dl\/wp-json\/wp\/v2\/posts\/509\/revisions\/511"}],"wp:featuredmedia":[{"embeddable":true,"href":"https:\/\/enseigner.unil.ch\/blog-dl\/wp-json\/wp\/v2\/media\/510"}],"wp:attachment":[{"href":"https:\/\/enseigner.unil.ch\/blog-dl\/wp-json\/wp\/v2\/media?parent=509"}],"wp:term":[{"taxonomy":"category","embeddable":true,"href":"https:\/\/enseigner.unil.ch\/blog-dl\/wp-json\/wp\/v2\/categories?post=509"},{"taxonomy":"post_tag","embeddable":true,"href":"https:\/\/enseigner.unil.ch\/blog-dl\/wp-json\/wp\/v2\/tags?post=509"}],"curies":[{"name":"wp","href":"https:\/\/api.w.org\/{rel}","templated":true}]}}