{"id":536,"date":"2025-12-08T20:39:29","date_gmt":"2025-12-08T19:39:29","guid":{"rendered":"https:\/\/enseigner.unil.ch\/blog-dl\/?p=536"},"modified":"2025-12-08T20:39:29","modified_gmt":"2025-12-08T19:39:29","slug":"digcomp-3-0-le-cadre-europeen-des-competences-numeriques-revisite-a-laune-de-lintelligence-artificielle","status":"publish","type":"post","link":"https:\/\/enseigner.unil.ch\/blog-dl\/digcomp-3-0-le-cadre-europeen-des-competences-numeriques-revisite-a-laune-de-lintelligence-artificielle\/","title":{"rendered":"DigComp 3.0 : Le Cadre Europ\u00e9en des Comp\u00e9tences Num\u00e9riques revisit\u00e9 \u00e0 l&rsquo;aune de l&rsquo;Intelligence Artificielle"},"content":{"rendered":"\n<h2 class=\"wp-block-heading\">Un cadre de r\u00e9f\u00e9rence en constante \u00e9volution<\/h2>\n\n\n\n<p>Dans un contexte o\u00f9 les environnements num\u00e9riques sont de plus en plus imbriqu\u00e9s dans nos pratiques d&rsquo;enseignement, d&rsquo;apprentissage et de recherche, la question des comp\u00e9tences num\u00e9riques continue de rev\u00eatir une importance strat\u00e9gique pour l&rsquo;enseignement sup\u00e9rieur. Le Joint Research Centre de la Commission europ\u00e9enne vient de publier la cinqui\u00e8me it\u00e9ration de son Cadre Europ\u00e9en des Comp\u00e9tences Num\u00e9riques : le <strong>DigComp 3.0<\/strong>. <\/p>\n\n\n\n<p>Cette mise \u00e0 jour substantielle, publi\u00e9e en 2025, repr\u00e9sente bien plus qu&rsquo;une simple r\u00e9vision technique ; elle constitue une r\u00e9ponse structur\u00e9e aux transformations technologiques majeures de ces derni\u00e8res ann\u00e9es, notamment l&rsquo;\u00e9mergence de l&rsquo;intelligence artificielle g\u00e9n\u00e9rative.<\/p>\n\n\n\n<p>Pour les enseignant\u00b7e\u00b7s universitaires, ce cadre offre un r\u00e9f\u00e9rentiel permettant d&rsquo;identifier, de structurer et d&rsquo;\u00e9valuer les comp\u00e9tences num\u00e9riques n\u00e9cessaires tant pour leurs pratiques p\u00e9dagogiques que pour accompagner leurs \u00e9tudiant\u00b7e\u00b7s dans leur d\u00e9veloppement professionnel.<\/p>\n\n\n\n<h2 class=\"wp-block-heading\">Pourquoi une nouvelle version ?<\/h2>\n\n\n\n<p>Les statistiques europ\u00e9ennes r\u00e9v\u00e8lent l&rsquo;urgence de cette question : en 2023, seulement 56% des adultes dans l&rsquo;UE poss\u00e9daient des comp\u00e9tences num\u00e9riques de niveau sup\u00e9rieur au niveau de base, et 43% des \u00e9l\u00e8ves du secondaire n&rsquo;atteignaient pas un niveau de comp\u00e9tences num\u00e9riques de base. Ces chiffres soulignent l&rsquo;importance d&rsquo;un cadre de r\u00e9f\u00e9rence robuste et actualis\u00e9.<\/p>\n\n\n\n<p>Depuis la publication de DigComp 2.2 en 2022, des d\u00e9veloppements technologiques significatifs ont modifi\u00e9 le paysage num\u00e9rique. L&rsquo;explosion de l&rsquo;intelligence artificielle g\u00e9n\u00e9rative, l&rsquo;\u00e9volution des menaces en cybers\u00e9curit\u00e9, les questions \u00e9mergentes de d\u00e9sinformation, et les enjeux croissants de bien-\u00eatre num\u00e9rique ont rendu n\u00e9cessaire cette actualisation. <\/p>\n\n\n\n<p>DigComp 3.0 a \u00e9t\u00e9 \u00e9labor\u00e9 avec la contribution de plus de 300 individus et organisations \u00e0 travers l&rsquo;Europe et au-del\u00e0, refl\u00e9tant ainsi une diversit\u00e9 de perspectives issues des milieux acad\u00e9miques, professionnels et politiques.<\/p>\n\n\n\n<h2 class=\"wp-block-heading\">Vers une d\u00e9finition renouvel\u00e9e de la comp\u00e9tence num\u00e9rique<\/h2>\n\n\n\n<figure class=\"wp-block-image size-large\"><img loading=\"lazy\" decoding=\"async\" width=\"776\" height=\"1024\" src=\"https:\/\/enseigner.unil.ch\/blog-dl\/wp-content\/uploads\/2025\/12\/DigComp-3.0-_-Le-cadre-europeen-des-competences-numeriques-revisite-a-lAune-de-lintelligence-artificielle-visual-selection-Grande-776x1024.jpeg\" alt=\"\" class=\"wp-image-538\" srcset=\"https:\/\/enseigner.unil.ch\/blog-dl\/wp-content\/uploads\/2025\/12\/DigComp-3.0-_-Le-cadre-europeen-des-competences-numeriques-revisite-a-lAune-de-lintelligence-artificielle-visual-selection-Grande-776x1024.jpeg 776w, https:\/\/enseigner.unil.ch\/blog-dl\/wp-content\/uploads\/2025\/12\/DigComp-3.0-_-Le-cadre-europeen-des-competences-numeriques-revisite-a-lAune-de-lintelligence-artificielle-visual-selection-Grande-227x300.jpeg 227w, https:\/\/enseigner.unil.ch\/blog-dl\/wp-content\/uploads\/2025\/12\/DigComp-3.0-_-Le-cadre-europeen-des-competences-numeriques-revisite-a-lAune-de-lintelligence-artificielle-visual-selection-Grande-768x1013.jpeg 768w, https:\/\/enseigner.unil.ch\/blog-dl\/wp-content\/uploads\/2025\/12\/DigComp-3.0-_-Le-cadre-europeen-des-competences-numeriques-revisite-a-lAune-de-lintelligence-artificielle-visual-selection-Grande.jpeg 970w\" sizes=\"auto, (max-width: 776px) 100vw, 776px\" \/><\/figure>\n\n\n\n<p>DigComp 3.0 propose une d\u00e9finition globale et int\u00e9gr\u00e9e de la comp\u00e9tence num\u00e9rique qui d\u00e9passe largement la simple ma\u00eetrise technique. La comp\u00e9tence num\u00e9rique y est d\u00e9finie comme <strong>l&rsquo;usage et l&rsquo;engagement confiant, critique et responsable envers les technologies num\u00e9riques pour l&rsquo;apprentissage, le travail et la participation sociale<\/strong>, combinant connaissances, comp\u00e9tences et attitudes.<\/p>\n\n\n\n<p>Cette d\u00e9finition englobe un spectre large de capacit\u00e9s : litt\u00e9ratie informationnelle et des donn\u00e9es, communication et collaboration, litt\u00e9ratie m\u00e9diatique, cr\u00e9ation de contenus num\u00e9riques (incluant la programmation), s\u00e9curit\u00e9 (incluant le bien-\u00eatre num\u00e9rique et la cybers\u00e9curit\u00e9), questions de propri\u00e9t\u00e9 intellectuelle, r\u00e9solution de probl\u00e8mes et pens\u00e9e critique. Pour les enseignant\u00b7e\u00b7s universitaires, cette approche multidimensionnelle permet d&rsquo;appr\u00e9hender les comp\u00e9tences num\u00e9riques non comme des comp\u00e9tences purement instrumentales, mais comme des comp\u00e9tences transversales int\u00e9grant des dimensions \u00e9thiques, sociales et cognitives.<\/p>\n\n\n\n<h2 class=\"wp-block-heading\">Cinq domaines, vingt et une comp\u00e9tences<\/h2>\n\n\n\n<p>DigComp 3.0 <strong>maintient la structure en cinq domaines de comp\u00e9tences<\/strong> qui a fait le succ\u00e8s des versions pr\u00e9c\u00e9dentes, regroupant au total 21 comp\u00e9tences sp\u00e9cifiques :<\/p>\n\n\n\n<figure class=\"wp-block-image size-large\"><img loading=\"lazy\" decoding=\"async\" width=\"1024\" height=\"1024\" src=\"https:\/\/enseigner.unil.ch\/blog-dl\/wp-content\/uploads\/2025\/12\/DigComp-3.0-_-Le-cadre-europeen-des-competences-numeriques-revisite-a-lAune-de-lintelligence-artificielle-visual-selection1-Grande-1024x1024.jpeg\" alt=\"\" class=\"wp-image-537\" srcset=\"https:\/\/enseigner.unil.ch\/blog-dl\/wp-content\/uploads\/2025\/12\/DigComp-3.0-_-Le-cadre-europeen-des-competences-numeriques-revisite-a-lAune-de-lintelligence-artificielle-visual-selection1-Grande-1024x1024.jpeg 1024w, https:\/\/enseigner.unil.ch\/blog-dl\/wp-content\/uploads\/2025\/12\/DigComp-3.0-_-Le-cadre-europeen-des-competences-numeriques-revisite-a-lAune-de-lintelligence-artificielle-visual-selection1-Grande-300x300.jpeg 300w, https:\/\/enseigner.unil.ch\/blog-dl\/wp-content\/uploads\/2025\/12\/DigComp-3.0-_-Le-cadre-europeen-des-competences-numeriques-revisite-a-lAune-de-lintelligence-artificielle-visual-selection1-Grande-150x150.jpeg 150w, https:\/\/enseigner.unil.ch\/blog-dl\/wp-content\/uploads\/2025\/12\/DigComp-3.0-_-Le-cadre-europeen-des-competences-numeriques-revisite-a-lAune-de-lintelligence-artificielle-visual-selection1-Grande-768x768.jpeg 768w, https:\/\/enseigner.unil.ch\/blog-dl\/wp-content\/uploads\/2025\/12\/DigComp-3.0-_-Le-cadre-europeen-des-competences-numeriques-revisite-a-lAune-de-lintelligence-artificielle-visual-selection1-Grande.jpeg 1280w\" sizes=\"auto, (max-width: 1024px) 100vw, 1024px\" \/><\/figure>\n\n\n\n<p><strong>1. Recherche, \u00e9valuation et gestion de l&rsquo;information<\/strong> Ce domaine couvre la capacit\u00e9 \u00e0 formuler des besoins informationnels, rechercher et localiser des informations, \u00e9valuer de mani\u00e8re critique les sources et contenus num\u00e9riques, et organiser les donn\u00e9es de mani\u00e8re structur\u00e9e.<\/p>\n\n\n\n<p><strong>2. Communication et collaboration<\/strong> Il s&rsquo;agit d&rsquo;interagir, partager et collaborer dans des environnements num\u00e9riques tout en \u00e9tant conscient\u00b7e des diversit\u00e9s culturelles et g\u00e9n\u00e9rationnelles. Ce domaine inclut \u00e9galement la participation citoyenne via les technologies num\u00e9riques et la gestion de l&rsquo;identit\u00e9 num\u00e9rique.<\/p>\n\n\n\n<p><strong>3. Cr\u00e9ation de contenu<\/strong> Ce domaine englobe la cr\u00e9ation et l&rsquo;\u00e9dition de contenus num\u00e9riques, l&rsquo;int\u00e9gration et la r\u00e9\u00e9laboration de contenus existants, la compr\u00e9hension des droits d&rsquo;auteur et licences, ainsi que la pens\u00e9e computationnelle et la programmation.<\/p>\n\n\n\n<p><strong>4. S\u00e9curit\u00e9, bien-\u00eatre et usage responsable<\/strong> Un domaine particuli\u00e8rement pertinent dans le contexte actuel, couvrant la protection des appareils et donn\u00e9es, la gestion de la vie priv\u00e9e, le soutien au bien-\u00eatre dans les environnements num\u00e9riques, et la protection de l&rsquo;environnement \u00e0 travers un usage responsable des technologies.<\/p>\n\n\n\n<p><strong>5. Identification et r\u00e9solution de probl\u00e8mes<\/strong> Ce dernier domaine concerne l&rsquo;identification de besoins, la r\u00e9solution de probl\u00e8mes techniques et conceptuels, l&rsquo;utilisation cr\u00e9ative des technologies num\u00e9riques, et le d\u00e9veloppement autonome des comp\u00e9tences num\u00e9riques dans une perspective d&rsquo;apprentissage tout au long de la vie.<\/p>\n\n\n\n<h2 class=\"wp-block-heading\">Quatre niveaux de ma\u00eetrise progressive<\/h2>\n\n\n\n<p>DigComp 3.0 structure la progression des comp\u00e9tences selon quatre niveaux de ma\u00eetrise, permettant une diff\u00e9renciation claire des capacit\u00e9s :<\/p>\n\n\n\n<figure class=\"wp-block-image size-large\"><img loading=\"lazy\" decoding=\"async\" width=\"1024\" height=\"908\" src=\"https:\/\/enseigner.unil.ch\/blog-dl\/wp-content\/uploads\/2025\/12\/DigComp-3.0-_-Le-cadre-europeen-des-competences-numeriques-revisite-a-lAune-de-lintelligence-artificielle-visual-selection4-Grande-1024x908.jpeg\" alt=\"\" class=\"wp-image-539\" srcset=\"https:\/\/enseigner.unil.ch\/blog-dl\/wp-content\/uploads\/2025\/12\/DigComp-3.0-_-Le-cadre-europeen-des-competences-numeriques-revisite-a-lAune-de-lintelligence-artificielle-visual-selection4-Grande-1024x908.jpeg 1024w, https:\/\/enseigner.unil.ch\/blog-dl\/wp-content\/uploads\/2025\/12\/DigComp-3.0-_-Le-cadre-europeen-des-competences-numeriques-revisite-a-lAune-de-lintelligence-artificielle-visual-selection4-Grande-300x266.jpeg 300w, https:\/\/enseigner.unil.ch\/blog-dl\/wp-content\/uploads\/2025\/12\/DigComp-3.0-_-Le-cadre-europeen-des-competences-numeriques-revisite-a-lAune-de-lintelligence-artificielle-visual-selection4-Grande-768x681.jpeg 768w, https:\/\/enseigner.unil.ch\/blog-dl\/wp-content\/uploads\/2025\/12\/DigComp-3.0-_-Le-cadre-europeen-des-competences-numeriques-revisite-a-lAune-de-lintelligence-artificielle-visual-selection4-Grande.jpeg 1280w\" sizes=\"auto, (max-width: 1024px) 100vw, 1024px\" \/><\/figure>\n\n\n\n<ul class=\"wp-block-list\">\n<li><strong>Niveau de base<\/strong> : les individus m\u00e9morisent et mettent en \u0153uvre des t\u00e2ches simples avec guidance si n\u00e9cessaire<\/li>\n\n\n\n<li><strong>Niveau interm\u00e9diaire<\/strong> : capacit\u00e9 \u00e0 identifier et r\u00e9aliser des t\u00e2ches bien d\u00e9finies et r\u00e9soudre des probl\u00e8mes de mani\u00e8re autonome<\/li>\n\n\n\n<li><strong>Niveau avanc\u00e9<\/strong> : \u00e9valuation et application de solutions \u00e0 des t\u00e2ches complexes vari\u00e9es de mani\u00e8re autonome, avec capacit\u00e9 \u00e0 guider d&rsquo;autres personnes<\/li>\n\n\n\n<li><strong>Niveau hautement avanc\u00e9<\/strong> : r\u00e9solution de probl\u00e8mes hautement complexes ou sp\u00e9cialis\u00e9s pour cr\u00e9er de nouvelles solutions, avec capacit\u00e9 de leadership et d&rsquo;accompagnement<\/li>\n<\/ul>\n\n\n\n<p>Cette gradation permet aux enseignant\u00b7e\u00b7s d&rsquo;adapter leurs objectifs p\u00e9dagogiques en fonction du niveau de leurs \u00e9tudiant\u00b7e\u00b7s et de concevoir des parcours de d\u00e9veloppement progressifs.<\/p>\n\n\n\n<h2 class=\"wp-block-heading\">Les nouveaut\u00e9s majeures de DigComp 3.0<\/h2>\n\n\n\n<p>Compar\u00e9 \u00e0 DigComp 2.2, cette nouvelle version apporte six d\u00e9veloppements significatifs :<\/p>\n\n\n\n<figure class=\"wp-block-image size-large\"><img loading=\"lazy\" decoding=\"async\" width=\"1024\" height=\"1002\" src=\"https:\/\/enseigner.unil.ch\/blog-dl\/wp-content\/uploads\/2025\/12\/DigComp-3.0-_-Le-cadre-europeen-des-competences-numeriques-revisite-a-lAune-de-lintelligence-artificielle-visual-selection2-Grande-1024x1002.jpeg\" alt=\"\" class=\"wp-image-540\" srcset=\"https:\/\/enseigner.unil.ch\/blog-dl\/wp-content\/uploads\/2025\/12\/DigComp-3.0-_-Le-cadre-europeen-des-competences-numeriques-revisite-a-lAune-de-lintelligence-artificielle-visual-selection2-Grande-1024x1002.jpeg 1024w, https:\/\/enseigner.unil.ch\/blog-dl\/wp-content\/uploads\/2025\/12\/DigComp-3.0-_-Le-cadre-europeen-des-competences-numeriques-revisite-a-lAune-de-lintelligence-artificielle-visual-selection2-Grande-300x293.jpeg 300w, https:\/\/enseigner.unil.ch\/blog-dl\/wp-content\/uploads\/2025\/12\/DigComp-3.0-_-Le-cadre-europeen-des-competences-numeriques-revisite-a-lAune-de-lintelligence-artificielle-visual-selection2-Grande-768x751.jpeg 768w, https:\/\/enseigner.unil.ch\/blog-dl\/wp-content\/uploads\/2025\/12\/DigComp-3.0-_-Le-cadre-europeen-des-competences-numeriques-revisite-a-lAune-de-lintelligence-artificielle-visual-selection2-Grande.jpeg 1280w\" sizes=\"auto, (max-width: 1024px) 100vw, 1024px\" \/><\/figure>\n\n\n\n<h3 class=\"wp-block-heading\">1. Actualisation terminologique<\/h3>\n\n\n\n<p>Les intitul\u00e9s des domaines et comp\u00e9tences ont \u00e9t\u00e9 affin\u00e9s pour refl\u00e9ter plus pr\u00e9cis\u00e9ment les \u00e9volutions des pratiques num\u00e9riques.<\/p>\n\n\n\n<h3 class=\"wp-block-heading\">2. R\u00e9vision des niveaux de ma\u00eetrise<\/h3>\n\n\n\n<p>Les quatre niveaux de comp\u00e9tence ont \u00e9t\u00e9 reformul\u00e9s pour mieux articuler la progression en termes de complexit\u00e9 cognitive, d&rsquo;autonomie et de capacit\u00e9 d&rsquo;adaptation contextuelle.<\/p>\n\n\n\n<h3 class=\"wp-block-heading\">3. Introduction de r\u00e9sultats d&rsquo;apprentissage<\/h3>\n\n\n\n<p>L&rsquo;innovation majeure r\u00e9side dans l&rsquo;ajout de <strong>plus de 500 r\u00e9sultats d&rsquo;apprentissage<\/strong> (learning outcomes). Ces \u00e9nonc\u00e9s courts d\u00e9crivent ce qu&rsquo;un\u00b7e individu\u00b7e sait ou est capable de faire apr\u00e8s un processus d&rsquo;apprentissage. Class\u00e9s par comp\u00e9tence, niveau de ma\u00eetrise et cat\u00e9gorie (connaissances, comp\u00e9tences, attitudes), ils constituent un outil op\u00e9rationnel pr\u00e9cieux pour :<\/p>\n\n\n\n<ul class=\"wp-block-list\">\n<li>D\u00e9velopper ou r\u00e9viser des curricula<\/li>\n\n\n\n<li>Cr\u00e9er des mat\u00e9riels p\u00e9dagogiques<\/li>\n\n\n\n<li>Concevoir des \u00e9valuations<\/li>\n\n\n\n<li>D\u00e9finir des qualifications<\/li>\n\n\n\n<li>D\u00e9crire des profils de postes<\/li>\n<\/ul>\n\n\n\n<h3 class=\"wp-block-heading\">4. Int\u00e9gration transversale de l&rsquo;intelligence artificielle<\/h3>\n\n\n\n<p>C&rsquo;est sans doute l&rsquo;\u00e9volution la plus significative de cette version. Plut\u00f4t que de cr\u00e9er une comp\u00e9tence d\u00e9di\u00e9e \u00e0 l&rsquo;IA, DigComp 3.0 a choisi d&rsquo;int\u00e9grer les connaissances, comp\u00e9tences et attitudes li\u00e9es \u00e0 l&rsquo;IA <strong>dans les 21 comp\u00e9tences du cadre<\/strong>. Cette approche reconna\u00eet que l&rsquo;IA est d\u00e9sormais incorpor\u00e9e dans de nombreuses technologies num\u00e9riques existantes et n\u00e9cessite une compr\u00e9hension transversale de ce qu&rsquo;est l&rsquo;IA, de ses usages possibles, et des droits et responsabilit\u00e9s li\u00e9s \u00e0 son utilisation \u00e9thique et s\u00e9curis\u00e9e.<\/p>\n\n\n\n<h3 class=\"wp-block-heading\">5. Glossaire \u00e9tendu<\/h3>\n\n\n\n<p>Un glossaire enrichi accompagne le cadre, facilitant la compr\u00e9hension et l&rsquo;appropriation des termes et concepts utilis\u00e9s.<\/p>\n\n\n\n<h3 class=\"wp-block-heading\">6. Formats multiples<\/h3>\n\n\n\n<p>Pour faciliter l&rsquo;adaptation et la personnalisation, DigComp 3.0 est disponible en plusieurs formats, incluant des fichiers tableurs et des donn\u00e9es ouvertes li\u00e9es.<\/p>\n\n\n\n<h2 class=\"wp-block-heading\">Au-del\u00e0 de la technique<\/h2>\n\n\n\n<p>Le d\u00e9veloppement de DigComp 3.0 s&rsquo;est articul\u00e9 autour de th\u00e9matiques prioritaires qui refl\u00e8tent les enjeux soci\u00e9taux contemporains :<\/p>\n\n\n\n<p><strong>Sur le plan du contenu :<\/strong><\/p>\n\n\n\n<ul class=\"wp-block-list\">\n<li>Comp\u00e9tence en intelligence artificielle (incluant l&rsquo;IA g\u00e9n\u00e9rative)<\/li>\n\n\n\n<li>Comp\u00e9tence en cybers\u00e9curit\u00e9<\/li>\n\n\n\n<li>Droits, choix et responsabilit\u00e9s num\u00e9riques<\/li>\n\n\n\n<li>Bien-\u00eatre dans les environnements num\u00e9riques<\/li>\n\n\n\n<li>Comp\u00e9tence pour lutter contre la d\u00e9sinformation et la m\u00e9sinformation<\/li>\n<\/ul>\n\n\n\n<p><strong>Sur le plan de l&rsquo;application :<\/strong><\/p>\n\n\n\n<ul class=\"wp-block-list\">\n<li>Reconnaissance de la comp\u00e9tence num\u00e9rique comme composante cl\u00e9 de l&rsquo;apprentissage tout au long de la vie<\/li>\n\n\n\n<li>Identification des pr\u00e9requis pour acqu\u00e9rir un niveau de base de comp\u00e9tence num\u00e9rique<\/li>\n\n\n\n<li>Reconnaissance des diff\u00e9rences de besoins en comp\u00e9tences num\u00e9riques selon les individus et dans le temps<\/li>\n\n\n\n<li>N\u00e9cessit\u00e9 d&rsquo;applications flexibles et agiles du cadre<\/li>\n<\/ul>\n\n\n\n<h2 class=\"wp-block-heading\">Implications pour l&rsquo;enseignement sup\u00e9rieur<\/h2>\n\n\n\n<figure class=\"wp-block-image size-large\"><img loading=\"lazy\" decoding=\"async\" width=\"1024\" height=\"801\" src=\"https:\/\/enseigner.unil.ch\/blog-dl\/wp-content\/uploads\/2025\/12\/DigComp-3.0-_-Le-cadre-europeen-des-competences-numeriques-revisite-a-lAune-de-lintelligence-artificielle-visual-selection3-Grande-1024x801.jpeg\" alt=\"\" class=\"wp-image-541\" srcset=\"https:\/\/enseigner.unil.ch\/blog-dl\/wp-content\/uploads\/2025\/12\/DigComp-3.0-_-Le-cadre-europeen-des-competences-numeriques-revisite-a-lAune-de-lintelligence-artificielle-visual-selection3-Grande-1024x801.jpeg 1024w, https:\/\/enseigner.unil.ch\/blog-dl\/wp-content\/uploads\/2025\/12\/DigComp-3.0-_-Le-cadre-europeen-des-competences-numeriques-revisite-a-lAune-de-lintelligence-artificielle-visual-selection3-Grande-300x235.jpeg 300w, https:\/\/enseigner.unil.ch\/blog-dl\/wp-content\/uploads\/2025\/12\/DigComp-3.0-_-Le-cadre-europeen-des-competences-numeriques-revisite-a-lAune-de-lintelligence-artificielle-visual-selection3-Grande-768x601.jpeg 768w, https:\/\/enseigner.unil.ch\/blog-dl\/wp-content\/uploads\/2025\/12\/DigComp-3.0-_-Le-cadre-europeen-des-competences-numeriques-revisite-a-lAune-de-lintelligence-artificielle-visual-selection3-Grande.jpeg 1280w\" sizes=\"auto, (max-width: 1024px) 100vw, 1024px\" \/><\/figure>\n\n\n\n<p>Pour les enseignant\u00b7e\u00b7s universitaires, DigComp 3.0 offre plusieurs opportunit\u00e9s strat\u00e9giques :<\/p>\n\n\n\n<p><strong>En termes de d\u00e9veloppement professionnel<\/strong>, le cadre permet d&rsquo;auto-\u00e9valuer ses propres comp\u00e9tences num\u00e9riques et d&rsquo;identifier des axes de d\u00e9veloppement dans une perspective d&rsquo;am\u00e9lioration continue de ses pratiques p\u00e9dagogiques.<\/p>\n\n\n\n<p><strong>Pour la conception p\u00e9dagogique<\/strong>, les r\u00e9sultats d&rsquo;apprentissage constituent une ressource pr\u00e9cieuse pour formuler des objectifs d&rsquo;apprentissage clairs et mesurables dans les cours int\u00e9grant des dimensions num\u00e9riques.<\/p>\n\n\n\n<p><strong>Dans une perspective d&#8217;employabilit\u00e9<\/strong>, le cadre aide \u00e0 pr\u00e9parer les \u00e9tudiant\u00b7e\u00b7s aux exigences du march\u00e9 du travail en mati\u00e8re de comp\u00e9tences num\u00e9riques, en alignant les formations sur des standards europ\u00e9ens reconnus.<\/p>\n\n\n\n<p><strong>Pour l&rsquo;\u00e9valuation<\/strong>, DigComp 3.0 offre des rep\u00e8res pour concevoir des dispositifs d&rsquo;\u00e9valuation des comp\u00e9tences num\u00e9riques qui soient \u00e0 la fois rigoureux et contextualis\u00e9s.<\/p>\n\n\n\n<h2 class=\"wp-block-heading\">Un outil \u00e9volutif au service de la transformation num\u00e9rique<\/h2>\n\n\n\n<p>DigComp 3.0 repr\u00e9sente bien plus qu&rsquo;un simple r\u00e9f\u00e9rentiel technique : c&rsquo;est un outil strat\u00e9gique qui s&rsquo;inscrit dans les politiques europ\u00e9ennes de transformation num\u00e9rique, notamment la D\u00e9claration europ\u00e9enne sur les droits et principes num\u00e9riques pour la D\u00e9cennie num\u00e9rique. En pla\u00e7ant les personnes au centre de la transformation num\u00e9rique et en s&rsquo;ancrant dans des valeurs europ\u00e9ennes partag\u00e9es, ce cadre offre une boussole pour naviguer dans un paysage technologique en constante \u00e9volution.<\/p>\n\n\n\n<p>Pour les enseignant\u00b7e\u00b7s universitaires soucieux\u00b7ses d&rsquo;accompagner leurs \u00e9tudiant\u00b7e\u00b7s vers une ma\u00eetrise r\u00e9fl\u00e9chie et responsable du num\u00e9rique, DigComp 3.0 constitue une ressource incontournable, alliant rigueur scientifique, pertinence pratique et vision humaniste des comp\u00e9tences num\u00e9riques.<\/p>\n\n\n\n<hr class=\"wp-block-separator has-alpha-channel-opacity\"\/>\n\n\n\n<p><strong>Pour d\u00e9couvrir l&rsquo;int\u00e9gralit\u00e9 du cadre DigComp 3.0<\/strong>, nous vous invitons \u00e0 consulter le site officiel du Joint Research Centre : <a href=\"https:\/\/joint-research-centre.ec.europa.eu\/projects-and-activities\/education-and-training\/digital-competence-framework-digcomp_en\">https:\/\/joint-research-centre.ec.europa.eu\/projects-and-activities\/education-and-training\/digital-competence-framework-digcomp_en<\/a><\/p>\n\n\n\n<p>Le document complet, ainsi que le leaflet d&rsquo;information et les donn\u00e9es structur\u00e9es des r\u00e9sultats d&rsquo;apprentissage, sont disponibles en acc\u00e8s libre, dans l&rsquo;esprit de partage et de collaboration qui anime ce projet europ\u00e9en d&rsquo;envergure.<\/p>\n\n\n\n<p><strong><em>Cet article a \u00e9t\u00e9 co-r\u00e9dig\u00e9 avec Claude Ai sur la base des documents du Digcomp 2.2 et 3.0. Les illustrations r\u00e9alis\u00e9es avec Napkin Ai.<\/em><\/strong><\/p>\n\n\n\n<p><\/p>\n","protected":false},"excerpt":{"rendered":"<p>Un cadre de r\u00e9f\u00e9rence en constante \u00e9volution Dans un contexte o\u00f9 les environnements num\u00e9riques sont de plus en plus imbriqu\u00e9s dans nos pratiques d&rsquo;enseignement, d&rsquo;apprentissage et de recherche, la question des comp\u00e9tences num\u00e9riques continue de rev\u00eatir une importance strat\u00e9gique pour l&rsquo;enseignement sup\u00e9rieur. Le Joint Research Centre de la Commission europ\u00e9enne vient de publier la cinqui\u00e8me [&hellip;]<\/p>\n","protected":false},"author":2,"featured_media":542,"comment_status":"closed","ping_status":"open","sticky":false,"template":"","format":"standard","meta":{"_uag_custom_page_level_css":"","advgb_blocks_editor_width":"","advgb_blocks_columns_visual_guide":"","footnotes":""},"categories":[3],"tags":[],"class_list":["post-536","post","type-post","status-publish","format-standard","has-post-thumbnail","hentry","category-cles-de-lecture"],"author_meta":{"display_name":"Jean-Fran\u00e7ois Van de Po\u00ebl","author_link":"https:\/\/enseigner.unil.ch\/blog-dl\/author\/jean-francois-vandepoelunil-ch\/"},"featured_img":"https:\/\/enseigner.unil.ch\/blog-dl\/wp-content\/uploads\/2025\/12\/Capture-decran-2025-12-08-a-20.38.24-Grande-300x175.jpeg","uagb_featured_image_src":{"full":["https:\/\/enseigner.unil.ch\/blog-dl\/wp-content\/uploads\/2025\/12\/Capture-decran-2025-12-08-a-20.38.24-Grande.jpeg",1280,745,false],"thumbnail":["https:\/\/enseigner.unil.ch\/blog-dl\/wp-content\/uploads\/2025\/12\/Capture-decran-2025-12-08-a-20.38.24-Grande-150x150.jpeg",150,150,true],"medium":["https:\/\/enseigner.unil.ch\/blog-dl\/wp-content\/uploads\/2025\/12\/Capture-decran-2025-12-08-a-20.38.24-Grande-300x175.jpeg",300,175,true],"medium_large":["https:\/\/enseigner.unil.ch\/blog-dl\/wp-content\/uploads\/2025\/12\/Capture-decran-2025-12-08-a-20.38.24-Grande-768x447.jpeg",768,447,true],"large":["https:\/\/enseigner.unil.ch\/blog-dl\/wp-content\/uploads\/2025\/12\/Capture-decran-2025-12-08-a-20.38.24-Grande-1024x596.jpeg",1024,596,true],"1536x1536":["https:\/\/enseigner.unil.ch\/blog-dl\/wp-content\/uploads\/2025\/12\/Capture-decran-2025-12-08-a-20.38.24-Grande.jpeg",1280,745,false],"2048x2048":["https:\/\/enseigner.unil.ch\/blog-dl\/wp-content\/uploads\/2025\/12\/Capture-decran-2025-12-08-a-20.38.24-Grande.jpeg",1280,745,false]},"uagb_author_info":{"display_name":"Jean-Fran\u00e7ois Van de Po\u00ebl","author_link":"https:\/\/enseigner.unil.ch\/blog-dl\/author\/jean-francois-vandepoelunil-ch\/"},"uagb_comment_info":0,"uagb_excerpt":"Un cadre de r\u00e9f\u00e9rence en constante \u00e9volution Dans un contexte o\u00f9 les environnements num\u00e9riques sont de plus en plus imbriqu\u00e9s dans nos pratiques d&rsquo;enseignement, d&rsquo;apprentissage et de recherche, la question des comp\u00e9tences num\u00e9riques continue de rev\u00eatir une importance strat\u00e9gique pour l&rsquo;enseignement sup\u00e9rieur. Le Joint Research Centre de la Commission europ\u00e9enne vient de publier la cinqui\u00e8me\u2026","coauthors":[],"tax_additional":{"categories":{"linked":["<a href=\"https:\/\/enseigner.unil.ch\/blog-dl\/category\/cles-de-lecture\/\" class=\"advgb-post-tax-term\">Cl\u00e9s de lecture<\/a>"],"unlinked":["<span class=\"advgb-post-tax-term\">Cl\u00e9s de lecture<\/span>"]}},"comment_count":"0","relative_dates":{"created":"Publi\u00e9 5 mois il y a","modified":"Mis \u00e0 jour 5 mois il y a"},"absolute_dates":{"created":"Publi\u00e9 le 8 d\u00e9cembre 2025","modified":"Mise \u00e0 jour le 8 d\u00e9cembre 2025"},"absolute_dates_time":{"created":"Publi\u00e9 le 8 d\u00e9cembre 2025 20h39","modified":"Mise \u00e0 jour le 8 d\u00e9cembre 2025 20h39"},"featured_img_caption":"Screenshot","series_order":"","_links":{"self":[{"href":"https:\/\/enseigner.unil.ch\/blog-dl\/wp-json\/wp\/v2\/posts\/536","targetHints":{"allow":["GET"]}}],"collection":[{"href":"https:\/\/enseigner.unil.ch\/blog-dl\/wp-json\/wp\/v2\/posts"}],"about":[{"href":"https:\/\/enseigner.unil.ch\/blog-dl\/wp-json\/wp\/v2\/types\/post"}],"author":[{"embeddable":true,"href":"https:\/\/enseigner.unil.ch\/blog-dl\/wp-json\/wp\/v2\/users\/2"}],"replies":[{"embeddable":true,"href":"https:\/\/enseigner.unil.ch\/blog-dl\/wp-json\/wp\/v2\/comments?post=536"}],"version-history":[{"count":1,"href":"https:\/\/enseigner.unil.ch\/blog-dl\/wp-json\/wp\/v2\/posts\/536\/revisions"}],"predecessor-version":[{"id":543,"href":"https:\/\/enseigner.unil.ch\/blog-dl\/wp-json\/wp\/v2\/posts\/536\/revisions\/543"}],"wp:featuredmedia":[{"embeddable":true,"href":"https:\/\/enseigner.unil.ch\/blog-dl\/wp-json\/wp\/v2\/media\/542"}],"wp:attachment":[{"href":"https:\/\/enseigner.unil.ch\/blog-dl\/wp-json\/wp\/v2\/media?parent=536"}],"wp:term":[{"taxonomy":"category","embeddable":true,"href":"https:\/\/enseigner.unil.ch\/blog-dl\/wp-json\/wp\/v2\/categories?post=536"},{"taxonomy":"post_tag","embeddable":true,"href":"https:\/\/enseigner.unil.ch\/blog-dl\/wp-json\/wp\/v2\/tags?post=536"}],"curies":[{"name":"wp","href":"https:\/\/api.w.org\/{rel}","templated":true}]}}