{"id":9,"date":"2025-10-02T14:00:39","date_gmt":"2025-10-02T12:00:39","guid":{"rendered":"https:\/\/enseigner.unil.ch\/blog-dl\/?p=9"},"modified":"2025-10-30T10:54:09","modified_gmt":"2025-10-30T09:54:09","slug":"kialo-edu","status":"publish","type":"post","link":"https:\/\/enseigner.unil.ch\/blog-dl\/kialo-edu\/","title":{"rendered":"Kialo Edu : un outil num\u00e9rique pour structurer le d\u00e9bat en classe"},"content":{"rendered":"\n<p>Dans le paysage des outils num\u00e9riques destin\u00e9s \u00e0 l\u2019enseignement, <strong><a href=\"https:\/\/www.kialo-edu.com\/\" data-type=\"link\" data-id=\"https:\/\/www.kialo-edu.com\/\">Kialo Edu<\/a><\/strong> occupe une place singuli\u00e8re. Con\u00e7u pour structurer les d\u00e9bats et encourager la pens\u00e9e critique, il se pr\u00e9sente comme une alternative ou un compl\u00e9ment aux discussions orales traditionnelles. J\u2019aimerais partager ici une analyse de cet outil, non pas sous l\u2019angle promotionnel, mais \u00e0 partir de son usage potentiel en contexte \u00e9ducatif.<\/p>\n\n\n\n<h3 class=\"wp-block-heading\">Un support pour la participation \u00e9crite<\/h3>\n\n\n\n<p>Kialo Edu repose sur un principe simple : les \u00e9tudiants r\u00e9digent leurs arguments, qui sont ensuite organis\u00e9s visuellement dans une structure hi\u00e9rarchis\u00e9e de \u00ab pour \u00bb et de \u00ab contre \u00bb. Cela permet de d\u00e9passer une difficult\u00e9 courante dans les d\u00e9bats oraux : la domination de la parole par quelques-uns et la difficult\u00e9 \u00e0 inclure les plus discrets. Dans Kialo, chacun peut contribuer simultan\u00e9ment, et la discussion peut se poursuivre de mani\u00e8re asynchrone. Cet aspect favorise l\u2019inclusion et r\u00e9duit les in\u00e9galit\u00e9s d\u2019expression, mais il suppose aussi que les \u00e9tudiants ma\u00eetrisent suffisamment l\u2019\u00e9crit pour formuler leur pens\u00e9e avec clart\u00e9.<\/p>\n\n\n\n<figure class=\"wp-block-image size-large\"><img loading=\"lazy\" decoding=\"async\" width=\"1024\" height=\"497\" src=\"https:\/\/enseigner.unil.ch\/blog-dl\/wp-content\/uploads\/2025\/10\/Capture-decran-2025-10-02-a-13.55.10-1024x497.png\" alt=\"\" class=\"wp-image-10\" srcset=\"https:\/\/enseigner.unil.ch\/blog-dl\/wp-content\/uploads\/2025\/10\/Capture-decran-2025-10-02-a-13.55.10-1024x497.png 1024w, https:\/\/enseigner.unil.ch\/blog-dl\/wp-content\/uploads\/2025\/10\/Capture-decran-2025-10-02-a-13.55.10-300x146.png 300w, https:\/\/enseigner.unil.ch\/blog-dl\/wp-content\/uploads\/2025\/10\/Capture-decran-2025-10-02-a-13.55.10-768x373.png 768w, https:\/\/enseigner.unil.ch\/blog-dl\/wp-content\/uploads\/2025\/10\/Capture-decran-2025-10-02-a-13.55.10-1536x746.png 1536w, https:\/\/enseigner.unil.ch\/blog-dl\/wp-content\/uploads\/2025\/10\/Capture-decran-2025-10-02-a-13.55.10-2048x995.png 2048w, https:\/\/enseigner.unil.ch\/blog-dl\/wp-content\/uploads\/2025\/10\/Capture-decran-2025-10-02-a-13.55.10-540x262.png 540w, https:\/\/enseigner.unil.ch\/blog-dl\/wp-content\/uploads\/2025\/10\/Capture-decran-2025-10-02-a-13.55.10-1080x525.png 1080w, https:\/\/enseigner.unil.ch\/blog-dl\/wp-content\/uploads\/2025\/10\/Capture-decran-2025-10-02-a-13.55.10-1980x962.png 1980w\" sizes=\"auto, (max-width: 1024px) 100vw, 1024px\" \/><\/figure>\n\n\n\n<p>La force de l\u2019outil r\u00e9side dans sa repr\u00e9sentation visuelle des arguments. L\u2019arborescence rend visibles les liens logiques entre une th\u00e8se, ses soutiens et ses objections. En cela, Kialo peut \u00eatre un support pertinent pour enseigner l\u2019argumentation structur\u00e9e. Toutefois, cette logique impose un cadre parfois rigide : chaque contribution doit se ranger dans une cat\u00e9gorie pro ou contra, ce qui peut limiter la nuance, l\u2019ambigu\u00eft\u00e9 ou la r\u00e9flexion ouverte qui caract\u00e9risent souvent les d\u00e9bats acad\u00e9miques.<\/p>\n\n\n\n<h3 class=\"wp-block-heading\">Une aide \u00e0 l\u2019\u00e9valuation et au suivi<\/h3>\n\n\n\n<p>Pour l\u2019enseignant, l\u2019outil offre un avantage int\u00e9ressant : toutes les interventions sont sauvegard\u00e9es, ce qui permet une \u00e9valuation plus pr\u00e9cise de la participation et du raisonnement de chacun. Les contributions \u00e9tant relativement br\u00e8ves, elles se pr\u00eatent mieux \u00e0 une correction rapide que de longs essais. Cependant, cette concision peut aussi appauvrir la profondeur des arguments. En d\u2019autres termes, Kialo est efficace pour suivre la participation et la structure logique, mais moins pour d\u00e9velopper une r\u00e9flexion continue ou nuanc\u00e9e.<\/p>\n\n\n\n<h3 class=\"wp-block-heading\">Inclusion et anonymat : un atout mais aussi un risque<\/h3>\n\n\n\n<p>L\u2019un des arguments avanc\u00e9s par les concepteurs est la possibilit\u00e9 de contributions anonymes, afin de lib\u00e9rer les \u00e9tudiants de la peur du jugement. Cela peut effectivement favoriser la participation des plus r\u00e9serv\u00e9s. En revanche, l\u2019anonymat soul\u00e8ve des questions p\u00e9dagogiques : qu\u2019en est-il de la responsabilit\u00e9 vis-\u00e0-vis de la parole exprim\u00e9e ? Dans certaines classes, il peut encourager l\u2019audace constructive ; dans d\u2019autres, il pourrait au contraire ouvrir la porte \u00e0 des interventions superficielles, voire provocatrices. Le r\u00f4le de l\u2019enseignant dans la mod\u00e9ration reste donc central.<\/p>\n\n\n\n<h3 class=\"wp-block-heading\">Un outil compl\u00e9mentaire, non un substitut<\/h3>\n\n\n\n<p>Enfin, il me semble essentiel de souligner que Kialo ne saurait remplacer les \u00e9changes oraux. La pratique du d\u00e9bat en pr\u00e9sentiel reste indispensable pour d\u00e9velopper des comp\u00e9tences de communication, de gestion des interactions et d\u2019\u00e9coute active. L\u2019outil est int\u00e9ressant comme prolongement ou comme \u00e9tape pr\u00e9paratoire : il permet aux \u00e9tudiants d\u2019organiser leurs id\u00e9es, de se confronter \u00e0 d\u2019autres points de vue et de pr\u00e9parer un \u00e9change plus riche en face \u00e0 face.<\/p>\n\n\n\n<h2 class=\"wp-block-heading\">En conclusion<\/h2>\n\n\n\n<p>Kialo Edu est un outil p\u00e9dagogique qui m\u00e9rite d\u2019\u00eatre explor\u00e9. Il rend visibles les structures argumentatives, facilite la participation \u00e9crite et offre un support utile \u00e0 l\u2019\u00e9valuation. Ses atouts r\u00e9sident dans la clart\u00e9 et l\u2019inclusivit\u00e9 qu\u2019il favorise. Mais il ne faut pas en surestimer la port\u00e9e : il impose un cadre parfois restrictif, il d\u00e9place la difficult\u00e9 vers l\u2019\u00e9crit, et il ne remplace pas le travail de d\u00e9bat oral, essentiel \u00e0 la formation universitaire.<\/p>\n\n\n\n<p>En somme, Kialo Edu appara\u00eet moins comme une solution miracle que comme un <strong>compl\u00e9ment<\/strong> pertinent pour diversifier les approches p\u00e9dagogiques et enrichir les pratiques d\u2019enseignement de l\u2019argumentation.<\/p>\n","protected":false},"excerpt":{"rendered":"<p>Dans le paysage des outils num\u00e9riques destin\u00e9s \u00e0 l\u2019enseignement, Kialo Edu occupe une place singuli\u00e8re. Con\u00e7u pour structurer les d\u00e9bats et encourager la pens\u00e9e critique, il se pr\u00e9sente comme une alternative ou un compl\u00e9ment aux discussions orales traditionnelles. J\u2019aimerais partager ici une analyse de cet outil, non pas sous l\u2019angle promotionnel, mais \u00e0 partir de [&hellip;]<\/p>\n","protected":false},"author":2,"featured_media":15,"comment_status":"closed","ping_status":"open","sticky":false,"template":"","format":"standard","meta":{"_uag_custom_page_level_css":"","advgb_blocks_editor_width":"","advgb_blocks_columns_visual_guide":"","footnotes":""},"categories":[4],"tags":[],"class_list":["post-9","post","type-post","status-publish","format-standard","has-post-thumbnail","hentry","category-zoom-sur-les-technologies"],"author_meta":{"display_name":"Jean-Fran\u00e7ois Van de Po\u00ebl","author_link":"https:\/\/enseigner.unil.ch\/blog-dl\/author\/jean-francois-vandepoelunil-ch\/"},"featured_img":"https:\/\/enseigner.unil.ch\/blog-dl\/wp-content\/uploads\/2025\/10\/KialoEdu-OpenGraph-Generic-300x158.png","uagb_featured_image_src":{"full":["https:\/\/enseigner.unil.ch\/blog-dl\/wp-content\/uploads\/2025\/10\/KialoEdu-OpenGraph-Generic.png",1200,630,false],"thumbnail":["https:\/\/enseigner.unil.ch\/blog-dl\/wp-content\/uploads\/2025\/10\/KialoEdu-OpenGraph-Generic-150x150.png",150,150,true],"medium":["https:\/\/enseigner.unil.ch\/blog-dl\/wp-content\/uploads\/2025\/10\/KialoEdu-OpenGraph-Generic-300x158.png",300,158,true],"medium_large":["https:\/\/enseigner.unil.ch\/blog-dl\/wp-content\/uploads\/2025\/10\/KialoEdu-OpenGraph-Generic-768x403.png",768,403,true],"large":["https:\/\/enseigner.unil.ch\/blog-dl\/wp-content\/uploads\/2025\/10\/KialoEdu-OpenGraph-Generic-1024x538.png",1024,538,true],"1536x1536":["https:\/\/enseigner.unil.ch\/blog-dl\/wp-content\/uploads\/2025\/10\/KialoEdu-OpenGraph-Generic.png",1200,630,false],"2048x2048":["https:\/\/enseigner.unil.ch\/blog-dl\/wp-content\/uploads\/2025\/10\/KialoEdu-OpenGraph-Generic.png",1200,630,false]},"uagb_author_info":{"display_name":"Jean-Fran\u00e7ois Van de Po\u00ebl","author_link":"https:\/\/enseigner.unil.ch\/blog-dl\/author\/jean-francois-vandepoelunil-ch\/"},"uagb_comment_info":0,"uagb_excerpt":"Dans le paysage des outils num\u00e9riques destin\u00e9s \u00e0 l\u2019enseignement, Kialo Edu occupe une place singuli\u00e8re. Con\u00e7u pour structurer les d\u00e9bats et encourager la pens\u00e9e critique, il se pr\u00e9sente comme une alternative ou un compl\u00e9ment aux discussions orales traditionnelles. J\u2019aimerais partager ici une analyse de cet outil, non pas sous l\u2019angle promotionnel, mais \u00e0 partir de\u2026","coauthors":[],"tax_additional":{"categories":{"linked":["<a href=\"https:\/\/enseigner.unil.ch\/blog-dl\/category\/zoom-sur-les-technologies\/\" class=\"advgb-post-tax-term\">Zoom sur les technologies<\/a>"],"unlinked":["<span class=\"advgb-post-tax-term\">Zoom sur les technologies<\/span>"]}},"comment_count":"0","relative_dates":{"created":"Publi\u00e9 7 mois il y a","modified":"Mis \u00e0 jour 6 mois il y a"},"absolute_dates":{"created":"Publi\u00e9 le 2 octobre 2025","modified":"Mise \u00e0 jour le 30 octobre 2025"},"absolute_dates_time":{"created":"Publi\u00e9 le 2 octobre 2025 14h00","modified":"Mise \u00e0 jour le 30 octobre 2025 10h54"},"featured_img_caption":"","series_order":"","_links":{"self":[{"href":"https:\/\/enseigner.unil.ch\/blog-dl\/wp-json\/wp\/v2\/posts\/9","targetHints":{"allow":["GET"]}}],"collection":[{"href":"https:\/\/enseigner.unil.ch\/blog-dl\/wp-json\/wp\/v2\/posts"}],"about":[{"href":"https:\/\/enseigner.unil.ch\/blog-dl\/wp-json\/wp\/v2\/types\/post"}],"author":[{"embeddable":true,"href":"https:\/\/enseigner.unil.ch\/blog-dl\/wp-json\/wp\/v2\/users\/2"}],"replies":[{"embeddable":true,"href":"https:\/\/enseigner.unil.ch\/blog-dl\/wp-json\/wp\/v2\/comments?post=9"}],"version-history":[{"count":2,"href":"https:\/\/enseigner.unil.ch\/blog-dl\/wp-json\/wp\/v2\/posts\/9\/revisions"}],"predecessor-version":[{"id":14,"href":"https:\/\/enseigner.unil.ch\/blog-dl\/wp-json\/wp\/v2\/posts\/9\/revisions\/14"}],"wp:featuredmedia":[{"embeddable":true,"href":"https:\/\/enseigner.unil.ch\/blog-dl\/wp-json\/wp\/v2\/media\/15"}],"wp:attachment":[{"href":"https:\/\/enseigner.unil.ch\/blog-dl\/wp-json\/wp\/v2\/media?parent=9"}],"wp:term":[{"taxonomy":"category","embeddable":true,"href":"https:\/\/enseigner.unil.ch\/blog-dl\/wp-json\/wp\/v2\/categories?post=9"},{"taxonomy":"post_tag","embeddable":true,"href":"https:\/\/enseigner.unil.ch\/blog-dl\/wp-json\/wp\/v2\/tags?post=9"}],"curies":[{"name":"wp","href":"https:\/\/api.w.org\/{rel}","templated":true}]}}