{"id":8728,"date":"2024-11-25T11:05:35","date_gmt":"2024-11-25T10:05:35","guid":{"rendered":"https:\/\/enseigner.unil.ch\/ressources\/?p=8728"},"modified":"2024-12-02T11:59:43","modified_gmt":"2024-12-02T10:59:43","slug":"non-mais-jaimerais-decouvrir-un-outil","status":"publish","type":"post","link":"https:\/\/enseigner.unil.ch\/ressources\/non-mais-jaimerais-decouvrir-un-outil\/","title":{"rendered":"Non, mais j\u2019aimerais d\u00e9couvrir un outil"},"content":{"rendered":"\n<p>Merci pour votre vote. Il existe plusieurs outils gratuits bas\u00e9s sur le Cadre de r\u00e9f\u00e9rence europ\u00e9en DigComp qui peuvent vous aider \u00e0 identifier vos points forts et \u00e0 travailler sur vos lacunes. Par exemple:<\/p>\n\n\n\n<ul class=\"wp-block-list\">\n<li><a href=\"https:\/\/digital-competence.eu\/dc-fr\/fr\/\" target=\"_blank\" rel=\"noreferrer noopener\">La roue des comp\u00e9tences digitales<\/a>, d\u00e9velopp\u00e9e au Danemark par le Centre for Digital Dannelse<\/li>\n\n\n\n<li><a href=\"https:\/\/europa.eu\/europass\/digitalskills\/screen\/home?lang=fr&amp;referrer=epass&amp;route=%2Ffr\" target=\"_blank\" rel=\"noreferrer noopener\">Europass<\/a>, propos\u00e9 par la Commission europ\u00e9enne<\/li>\n\n\n\n<li><a href=\"https:\/\/pix.fr\/\" target=\"_blank\" rel=\"noreferrer noopener\">Pix<\/a>, d\u00e9velopp\u00e9 en grande partie par le minist\u00e8re de l\u2019\u00c9ducation nationale en France<\/li>\n<\/ul>\n\n\n\n<p>Il n&rsquo;est jamais trop tard pour \u00e9valuer ses comp\u00e9tences num\u00e9riques !<\/p>\n","protected":false},"excerpt":{"rendered":"<p>Merci pour votre vote. Il existe plusieurs outils gratuits bas\u00e9s sur le Cadre de r\u00e9f\u00e9rence europ\u00e9en DigComp qui peuvent vous aider \u00e0 identifier vos points forts et \u00e0 travailler sur vos lacunes. Par exemple: Il n&rsquo;est jamais trop tard pour \u00e9valuer ses comp\u00e9tences num\u00e9riques !<\/p>\n","protected":false},"author":5,"featured_media":0,"comment_status":"open","ping_status":"open","sticky":false,"template":"","format":"standard","meta":{"_uag_custom_page_level_css":"","advgb_blocks_editor_width":"","advgb_blocks_columns_visual_guide":"","footnotes":""},"categories":[223],"tags":[235],"class_list":["post-8728","post","type-post","status-publish","format-standard","hentry","category-ondes-pedagogiques-vote","tag-235"],"author_meta":{"display_name":"CSE","author_link":"https:\/\/enseigner.unil.ch\/ressources\/author\/cseunil-ch\/"},"featured_img":null,"uagb_featured_image_src":{"full":false,"thumbnail":false,"medium":false,"medium_large":false,"large":false,"1536x1536":false,"2048x2048":false,"mailpoet_newsletter_max":false},"uagb_author_info":{"display_name":"CSE","author_link":"https:\/\/enseigner.unil.ch\/ressources\/author\/cseunil-ch\/"},"uagb_comment_info":0,"uagb_excerpt":"Merci pour votre vote. Il existe plusieurs outils gratuits bas\u00e9s sur le Cadre de r\u00e9f\u00e9rence europ\u00e9en DigComp qui peuvent vous aider \u00e0 identifier vos points forts et \u00e0 travailler sur vos lacunes. Par exemple: Il n&rsquo;est jamais trop tard pour \u00e9valuer ses comp\u00e9tences num\u00e9riques !","coauthors":[],"tax_additional":{"categories":{"linked":["<a href=\"https:\/\/enseigner.unil.ch\/ressources\/category\/ondes-pedagogiques-vote\/\" class=\"advgb-post-tax-term\">Ondes p\u00e9dagogiques (Vote)<\/a>"],"unlinked":["<span class=\"advgb-post-tax-term\">Ondes p\u00e9dagogiques (Vote)<\/span>"]},"tags":{"linked":["<a href=\"https:\/\/enseigner.unil.ch\/ressources\/category\/ondes-pedagogiques-vote\/\" class=\"advgb-post-tax-term\">#6<\/a>"],"unlinked":["<span class=\"advgb-post-tax-term\">#6<\/span>"]}},"comment_count":"0","relative_dates":{"created":"Publi\u00e9 1 an il y a","modified":"Mis \u00e0 jour 1 an il y a"},"absolute_dates":{"created":"Publi\u00e9 le 25\/11\/2024","modified":"Mise \u00e0 jour le 02\/12\/2024"},"absolute_dates_time":{"created":"Publi\u00e9 le 25\/11\/2024 11:05 am","modified":"Mise \u00e0 jour le 02\/12\/2024 11:59 am"},"featured_img_caption":"","series_order":"","_links":{"self":[{"href":"https:\/\/enseigner.unil.ch\/ressources\/wp-json\/wp\/v2\/posts\/8728","targetHints":{"allow":["GET"]}}],"collection":[{"href":"https:\/\/enseigner.unil.ch\/ressources\/wp-json\/wp\/v2\/posts"}],"about":[{"href":"https:\/\/enseigner.unil.ch\/ressources\/wp-json\/wp\/v2\/types\/post"}],"author":[{"embeddable":true,"href":"https:\/\/enseigner.unil.ch\/ressources\/wp-json\/wp\/v2\/users\/5"}],"replies":[{"embeddable":true,"href":"https:\/\/enseigner.unil.ch\/ressources\/wp-json\/wp\/v2\/comments?post=8728"}],"version-history":[{"count":5,"href":"https:\/\/enseigner.unil.ch\/ressources\/wp-json\/wp\/v2\/posts\/8728\/revisions"}],"predecessor-version":[{"id":8802,"href":"https:\/\/enseigner.unil.ch\/ressources\/wp-json\/wp\/v2\/posts\/8728\/revisions\/8802"}],"wp:attachment":[{"href":"https:\/\/enseigner.unil.ch\/ressources\/wp-json\/wp\/v2\/media?parent=8728"}],"wp:term":[{"taxonomy":"category","embeddable":true,"href":"https:\/\/enseigner.unil.ch\/ressources\/wp-json\/wp\/v2\/categories?post=8728"},{"taxonomy":"post_tag","embeddable":true,"href":"https:\/\/enseigner.unil.ch\/ressources\/wp-json\/wp\/v2\/tags?post=8728"}],"curies":[{"name":"wp","href":"https:\/\/api.w.org\/{rel}","templated":true}]}}