{"id":9031,"date":"2025-02-25T11:24:45","date_gmt":"2025-02-25T10:24:45","guid":{"rendered":"https:\/\/enseigner.unil.ch\/ressources\/?p=9031"},"modified":"2025-02-28T10:17:24","modified_gmt":"2025-02-28T09:17:24","slug":"jai-essaye-mais-des-ameliorations-sont-encore-possibles","status":"publish","type":"post","link":"https:\/\/enseigner.unil.ch\/ressources\/jai-essaye-mais-des-ameliorations-sont-encore-possibles\/","title":{"rendered":"J&rsquo;ai essay\u00e9 mais des am\u00e9liorations sont encore possibles"},"content":{"rendered":"\n<p>C\u2019est un bon d\u00e9but ! Vous pourriez envisager d&rsquo;am\u00e9liorer davantage vos supports en explorant les recommandations du <a href=\"https:\/\/www.microsoft.com\/en-us\/microsoft-365\/accessibility\/powerpoint\">Kit d\u2019<\/a>accessibilit\u00e9 pour PowerPoint du projet \u00abFractures corporelles \/\/ Fractures num\u00e9riques\u00bb.<\/p>\n","protected":false},"excerpt":{"rendered":"<p>C\u2019est un bon d\u00e9but ! Vous pourriez envisager d&rsquo;am\u00e9liorer davantage vos supports en explorant les recommandations du Kit d\u2019accessibilit\u00e9 pour PowerPoint du projet \u00abFractures corporelles \/\/ Fractures num\u00e9riques\u00bb.<\/p>\n","protected":false},"author":5,"featured_media":0,"comment_status":"open","ping_status":"open","sticky":false,"template":"","format":"standard","meta":{"_uag_custom_page_level_css":"","advgb_blocks_editor_width":"","advgb_blocks_columns_visual_guide":"","footnotes":""},"categories":[223],"tags":[236],"class_list":["post-9031","post","type-post","status-publish","format-standard","hentry","category-ondes-pedagogiques-vote","tag-236"],"author_meta":{"display_name":"CSE","author_link":"https:\/\/enseigner.unil.ch\/ressources\/author\/cseunil-ch\/"},"featured_img":null,"uagb_featured_image_src":{"full":false,"thumbnail":false,"medium":false,"medium_large":false,"large":false,"1536x1536":false,"2048x2048":false,"mailpoet_newsletter_max":false},"uagb_author_info":{"display_name":"CSE","author_link":"https:\/\/enseigner.unil.ch\/ressources\/author\/cseunil-ch\/"},"uagb_comment_info":0,"uagb_excerpt":"C\u2019est un bon d\u00e9but ! Vous pourriez envisager d&rsquo;am\u00e9liorer davantage vos supports en explorant les recommandations du Kit d\u2019accessibilit\u00e9 pour PowerPoint du projet \u00abFractures corporelles \/\/ Fractures num\u00e9riques\u00bb.","coauthors":[],"tax_additional":{"categories":{"linked":["<a href=\"https:\/\/enseigner.unil.ch\/ressources\/category\/ondes-pedagogiques-vote\/\" class=\"advgb-post-tax-term\">Ondes p\u00e9dagogiques (Vote)<\/a>"],"unlinked":["<span class=\"advgb-post-tax-term\">Ondes p\u00e9dagogiques (Vote)<\/span>"]},"tags":{"linked":["<a href=\"https:\/\/enseigner.unil.ch\/ressources\/category\/ondes-pedagogiques-vote\/\" class=\"advgb-post-tax-term\">#7<\/a>"],"unlinked":["<span class=\"advgb-post-tax-term\">#7<\/span>"]}},"comment_count":"0","relative_dates":{"created":"Publi\u00e9 1 an il y a","modified":"Mis \u00e0 jour 1 an il y a"},"absolute_dates":{"created":"Publi\u00e9 le 25\/02\/2025","modified":"Mise \u00e0 jour le 28\/02\/2025"},"absolute_dates_time":{"created":"Publi\u00e9 le 25\/02\/2025 11:24 am","modified":"Mise \u00e0 jour le 28\/02\/2025 10:17 am"},"featured_img_caption":"","series_order":"","_links":{"self":[{"href":"https:\/\/enseigner.unil.ch\/ressources\/wp-json\/wp\/v2\/posts\/9031","targetHints":{"allow":["GET"]}}],"collection":[{"href":"https:\/\/enseigner.unil.ch\/ressources\/wp-json\/wp\/v2\/posts"}],"about":[{"href":"https:\/\/enseigner.unil.ch\/ressources\/wp-json\/wp\/v2\/types\/post"}],"author":[{"embeddable":true,"href":"https:\/\/enseigner.unil.ch\/ressources\/wp-json\/wp\/v2\/users\/5"}],"replies":[{"embeddable":true,"href":"https:\/\/enseigner.unil.ch\/ressources\/wp-json\/wp\/v2\/comments?post=9031"}],"version-history":[{"count":7,"href":"https:\/\/enseigner.unil.ch\/ressources\/wp-json\/wp\/v2\/posts\/9031\/revisions"}],"predecessor-version":[{"id":12721,"href":"https:\/\/enseigner.unil.ch\/ressources\/wp-json\/wp\/v2\/posts\/9031\/revisions\/12721"}],"wp:attachment":[{"href":"https:\/\/enseigner.unil.ch\/ressources\/wp-json\/wp\/v2\/media?parent=9031"}],"wp:term":[{"taxonomy":"category","embeddable":true,"href":"https:\/\/enseigner.unil.ch\/ressources\/wp-json\/wp\/v2\/categories?post=9031"},{"taxonomy":"post_tag","embeddable":true,"href":"https:\/\/enseigner.unil.ch\/ressources\/wp-json\/wp\/v2\/tags?post=9031"}],"curies":[{"name":"wp","href":"https:\/\/api.w.org\/{rel}","templated":true}]}}